{"id":9758,"date":"2025-12-08T19:04:48","date_gmt":"2025-12-08T18:04:48","guid":{"rendered":"https:\/\/needtohear.cz\/domains\/needtohear.cz\/?p=9758"},"modified":"2025-12-08T19:09:59","modified_gmt":"2025-12-08T18:09:59","slug":"david-byrne-v-o2-universum","status":"publish","type":"post","link":"http:\/\/needtohear.cz\/domains\/needtohear.cz\/2025\/12\/08\/david-byrne-v-o2-universum\/","title":{"rendered":"David Byrne v O2 universum"},"content":{"rendered":"\n<p><strong>David Byrne, zakladatel Talking Heads, dr\u017eitel Grammy, Oscara i Zlat\u00e9ho gl\u00f3bu a jedna z nejorigin\u00e1ln\u011bj\u0161\u00edch postav modern\u00ed hudby, p\u0159edstav\u00ed v Praze sv\u00e9 nov\u00e9 album Who Is The Sky? \u2013 prvn\u00ed studiovou nahr\u00e1vku od \u00e9ry American Utopia.<\/strong><\/p>\n\n\n\n<p><strong>Kdy:<\/strong>\u00a017.06.2026<br><strong>Kde:\u00a0<\/strong>Praha, O2 universum<br><strong>Ofici\u00e1ln\u00ed ud\u00e1lost<\/strong>: <a href=\"https:\/\/www.facebook.com\/events\/1530509978165638\" target=\"_blank\" rel=\"noreferrer noopener\">https:\/\/www.facebook.com\/events\/1530509978165638<\/a><br><strong>Vstupenky<\/strong>: <a href=\"https:\/\/www.livenation.cz\/event\/david-byrne-who-is-the-sky-2026-tour-prague-tickets-edp1639784\" target=\"_blank\" rel=\"noreferrer noopener\">https:\/\/www.livenation.cz\/event\/david-byrne-who-is-the-sky-2026-tour-prague-tickets-edp1639784<\/a> <br><strong>Vstupenky v prodeji od 12.12.2025 v 10:00<\/strong><\/p>\n\n\n\n<p><strong>David Byrne<\/strong> za\u010dal nov\u00e9 skladby ps\u00e1t v roce 2023, kdy kon\u010dila jeho mnohovrstevnat\u00e1 kapitola American Utopia, p\u0159er\u016fstaj\u00edc\u00ed od alba a sv\u011btov\u00e9ho turn\u00e9 a\u017e po broadwayskou inscenaci a film v re\u017eii Spikea Leeho. V obdob\u00ed pauzy se vr\u00e1til ke kresb\u011b, va\u0159en\u00ed a k zapisov\u00e1n\u00ed drobn\u00fdch hudebn\u00edch n\u00e1pad\u016f, kter\u00e9 se postupn\u011b prom\u011bnily v prvn\u00ed verze p\u00edsn\u00ed. Stejn\u011b jako mnoho dal\u0161\u00edch p\u0159em\u00fd\u0161lel o smyslu vlastn\u00ed pr\u00e1ce, o tv\u016fr\u010d\u00edch motivech i o tom, jak\u00fd m\u00e1 um\u011bn\u00ed v\u00fdznam v dob\u011b nejistoty. Odpov\u011bdi na tyto ot\u00e1zky nakonec utv\u00e1\u0159ej\u00ed p\u00e1te\u0159 nov\u00e9 desky.<\/p>\n\n\n\n<figure class=\"wp-block-embed is-type-video is-provider-youtube wp-block-embed-youtube wp-embed-aspect-16-9 wp-has-aspect-ratio\"><div class=\"wp-block-embed__wrapper\">\n<iframe title=\"David Byrne - &quot;A Door Called No&quot; (Official Video)\" width=\"950\" height=\"534\" src=\"https:\/\/www.youtube.com\/embed\/pH8FKkNTQUk?feature=oembed\" frameborder=\"0\" allow=\"accelerometer; autoplay; clipboard-write; encrypted-media; gyroscope; picture-in-picture; web-share\" referrerpolicy=\"strict-origin-when-cross-origin\" allowfullscreen><\/iframe>\n<\/div><\/figure>\n\n\n\n<p>Byrne vn\u00edm\u00e1 nov\u00e9 album jako p\u0159\u00edle\u017eitost znovu prozkoumat hranice mezi realitou a fantazi\u00ed, mezi osobn\u00edm pro\u017eitkem a spole\u010dn\u00fdm prostorem, kter\u00fd hudba vytv\u00e1\u0159\u00ed. Jeho \u017eiv\u00e9 proveden\u00ed p\u0159en\u00e1\u0161\u00ed poslucha\u010de do sv\u011bta, kde se orchestr\u00e1ln\u00ed intimita prol\u00edn\u00e1 s typick\u00fdm byrneovsk\u00fdm smyslem pro rytmus, humor a ne\u010dekan\u00e9 momenty nap\u011bt\u00ed. Koncertn\u00ed podoba Who Is The Sky? vznikala ve spolupr\u00e1ci cel\u00e9ho t\u00fdmu a rozv\u00edj\u00ed Byrneovu dlouholetou snahu posouvat hudebn\u00ed i vizu\u00e1ln\u00ed formu koncertu. Publikum se m\u016f\u017ee t\u011b\u0161it na skladby z nov\u00e9ho alba i tvorbu z p\u0159edchoz\u00edch let, prezentovanou s novou energi\u00ed a origin\u00e1ln\u00edm zvukem.<\/p>\n\n\n\n<p>TZ: Live Nation Czech Republic<\/p>\n","protected":false},"excerpt":{"rendered":"<p>David Byrne, zakladatel Talking Heads, dr\u017eitel Grammy, Oscara i Zlat\u00e9ho gl\u00f3bu a jedna z nejorigin\u00e1ln\u011bj\u0161\u00edch postav modern\u00ed hudby, p\u0159edstav\u00ed v Praze sv\u00e9 nov\u00e9 album Who Is The Sky? \u2013 prvn\u00ed studiovou nahr\u00e1vku od \u00e9ry American Utopia. Kdy:\u00a017.06.2026Kde:\u00a0Praha, O2 universumOfici\u00e1ln\u00ed ud\u00e1lost: https:\/\/www.facebook.com\/events\/1530509978165638Vstupenky: https:\/\/www.livenation.cz\/event\/david-byrne-who-is-the-sky-2026-tour-prague-tickets-edp1639784 Vstupenky v prodeji od 12.12.2025 v 10:00 David Byrne za\u010dal nov\u00e9 skladby ps\u00e1t &hellip; <\/p>\n<p class=\"link-more\"><a href=\"http:\/\/needtohear.cz\/domains\/needtohear.cz\/2025\/12\/08\/david-byrne-v-o2-universum\/\" class=\"more-link\">Read more<span class=\"screen-reader-text\"> &#8222;David Byrne v O2 universum&#8220;<\/span><\/a><\/p>\n","protected":false},"author":4,"featured_media":9759,"comment_status":"closed","ping_status":"closed","sticky":false,"template":"","format":"standard","meta":{"_monsterinsights_skip_tracking":false,"_monsterinsights_sitenote_active":false,"_monsterinsights_sitenote_note":"","_monsterinsights_sitenote_category":0,"footnotes":""},"categories":[32],"tags":[3214,1015,2575,1080],"class_list":["post-9758","post","type-post","status-publish","format-standard","has-post-thumbnail","hentry","category-pozvanky","tag-david-byrne","tag-live-nation","tag-live-nation-czech-repulic","tag-o2-universum"],"yoast_head":"<!-- This site is optimized with the Yoast SEO plugin v25.9 - https:\/\/yoast.com\/wordpress\/plugins\/seo\/ -->\n<title>David Byrne v O2 universum - Needtohear.cz<\/title>\n<meta name=\"description\" content=\"David Byrne, zakladatel Talking Heads, dr\u017eitel Grammy, Oscara i Zlat\u00e9ho gl\u00f3bu a jedna z nejorigin\u00e1ln\u011bj\u0161\u00edch postav modern\u00ed hudby.\" \/>\n<meta name=\"robots\" content=\"index, follow, max-snippet:-1, max-image-preview:large, max-video-preview:-1\" \/>\n<link rel=\"canonical\" href=\"http:\/\/needtohear.cz\/domains\/needtohear.cz\/2025\/12\/08\/david-byrne-v-o2-universum\/\" \/>\n<meta property=\"og:locale\" content=\"cs_CZ\" \/>\n<meta property=\"og:type\" content=\"article\" \/>\n<meta property=\"og:title\" content=\"David Byrne v O2 universum - Needtohear.cz\" \/>\n<meta property=\"og:description\" content=\"David Byrne, zakladatel Talking Heads, dr\u017eitel Grammy, Oscara i Zlat\u00e9ho gl\u00f3bu a jedna z nejorigin\u00e1ln\u011bj\u0161\u00edch postav modern\u00ed hudby.\" \/>\n<meta property=\"og:url\" content=\"http:\/\/needtohear.cz\/domains\/needtohear.cz\/2025\/12\/08\/david-byrne-v-o2-universum\/\" \/>\n<meta property=\"og:site_name\" content=\"Needtohear.cz\" \/>\n<meta property=\"article:published_time\" content=\"2025-12-08T18:04:48+00:00\" \/>\n<meta property=\"article:modified_time\" content=\"2025-12-08T18:09:59+00:00\" \/>\n<meta property=\"og:image\" content=\"http:\/\/needtohear.cz\/domains\/needtohear.cz\/wp-content\/uploads\/2025\/12\/david_byrne_praha2026.jpg\" \/>\n\t<meta property=\"og:image:width\" content=\"1920\" \/>\n\t<meta property=\"og:image:height\" content=\"1005\" \/>\n\t<meta property=\"og:image:type\" content=\"image\/jpeg\" \/>\n<meta name=\"author\" content=\"Jan Vi\u0161\u0148\u00e1k\" \/>\n<meta name=\"twitter:card\" content=\"summary_large_image\" \/>\n<meta name=\"twitter:label1\" content=\"Napsal(a)\" \/>\n\t<meta name=\"twitter:data1\" content=\"Jan Vi\u0161\u0148\u00e1k\" \/>\n\t<meta name=\"twitter:label2\" content=\"Odhadovan\u00e1 doba \u010dten\u00ed\" \/>\n\t<meta name=\"twitter:data2\" content=\"2 minuty\" \/>\n<script type=\"application\/ld+json\" class=\"yoast-schema-graph\">{\"@context\":\"https:\/\/schema.org\",\"@graph\":[{\"@type\":\"Article\",\"@id\":\"http:\/\/needtohear.cz\/domains\/needtohear.cz\/2025\/12\/08\/david-byrne-v-o2-universum\/#article\",\"isPartOf\":{\"@id\":\"http:\/\/needtohear.cz\/domains\/needtohear.cz\/2025\/12\/08\/david-byrne-v-o2-universum\/\"},\"author\":{\"name\":\"Jan Vi\u0161\u0148\u00e1k\",\"@id\":\"https:\/\/needtohear.cz\/domains\/needtohear.cz\/#\/schema\/person\/e00cf98e4712890497c37802795c8a42\"},\"headline\":\"David Byrne v O2 universum\",\"datePublished\":\"2025-12-08T18:04:48+00:00\",\"dateModified\":\"2025-12-08T18:09:59+00:00\",\"mainEntityOfPage\":{\"@id\":\"http:\/\/needtohear.cz\/domains\/needtohear.cz\/2025\/12\/08\/david-byrne-v-o2-universum\/\"},\"wordCount\":317,\"publisher\":{\"@id\":\"https:\/\/needtohear.cz\/domains\/needtohear.cz\/#organization\"},\"image\":{\"@id\":\"http:\/\/needtohear.cz\/domains\/needtohear.cz\/2025\/12\/08\/david-byrne-v-o2-universum\/#primaryimage\"},\"thumbnailUrl\":\"http:\/\/needtohear.cz\/domains\/needtohear.cz\/wp-content\/uploads\/2025\/12\/david_byrne_praha2026.jpg\",\"keywords\":[\"david byrne\",\"live nation\",\"Live Nation Czech Repulic\",\"o2 universum\"],\"articleSection\":[\"Pozv\u00e1nky\"],\"inLanguage\":\"cs\"},{\"@type\":\"WebPage\",\"@id\":\"http:\/\/needtohear.cz\/domains\/needtohear.cz\/2025\/12\/08\/david-byrne-v-o2-universum\/\",\"url\":\"http:\/\/needtohear.cz\/domains\/needtohear.cz\/2025\/12\/08\/david-byrne-v-o2-universum\/\",\"name\":\"David Byrne v O2 universum - Needtohear.cz\",\"isPartOf\":{\"@id\":\"https:\/\/needtohear.cz\/domains\/needtohear.cz\/#website\"},\"primaryImageOfPage\":{\"@id\":\"http:\/\/needtohear.cz\/domains\/needtohear.cz\/2025\/12\/08\/david-byrne-v-o2-universum\/#primaryimage\"},\"image\":{\"@id\":\"http:\/\/needtohear.cz\/domains\/needtohear.cz\/2025\/12\/08\/david-byrne-v-o2-universum\/#primaryimage\"},\"thumbnailUrl\":\"http:\/\/needtohear.cz\/domains\/needtohear.cz\/wp-content\/uploads\/2025\/12\/david_byrne_praha2026.jpg\",\"datePublished\":\"2025-12-08T18:04:48+00:00\",\"dateModified\":\"2025-12-08T18:09:59+00:00\",\"description\":\"David Byrne, zakladatel Talking Heads, dr\u017eitel Grammy, Oscara i Zlat\u00e9ho gl\u00f3bu a jedna z nejorigin\u00e1ln\u011bj\u0161\u00edch postav modern\u00ed hudby.\",\"breadcrumb\":{\"@id\":\"http:\/\/needtohear.cz\/domains\/needtohear.cz\/2025\/12\/08\/david-byrne-v-o2-universum\/#breadcrumb\"},\"inLanguage\":\"cs\",\"potentialAction\":[{\"@type\":\"ReadAction\",\"target\":[\"http:\/\/needtohear.cz\/domains\/needtohear.cz\/2025\/12\/08\/david-byrne-v-o2-universum\/\"]}]},{\"@type\":\"ImageObject\",\"inLanguage\":\"cs\",\"@id\":\"http:\/\/needtohear.cz\/domains\/needtohear.cz\/2025\/12\/08\/david-byrne-v-o2-universum\/#primaryimage\",\"url\":\"http:\/\/needtohear.cz\/domains\/needtohear.cz\/wp-content\/uploads\/2025\/12\/david_byrne_praha2026.jpg\",\"contentUrl\":\"http:\/\/needtohear.cz\/domains\/needtohear.cz\/wp-content\/uploads\/2025\/12\/david_byrne_praha2026.jpg\",\"width\":1920,\"height\":1005},{\"@type\":\"BreadcrumbList\",\"@id\":\"http:\/\/needtohear.cz\/domains\/needtohear.cz\/2025\/12\/08\/david-byrne-v-o2-universum\/#breadcrumb\",\"itemListElement\":[{\"@type\":\"ListItem\",\"position\":1,\"name\":\"Dom\u016f\",\"item\":\"http:\/\/needtohear.cz\/domains\/needtohear.cz\/\"},{\"@type\":\"ListItem\",\"position\":2,\"name\":\"David Byrne v O2 universum\"}]},{\"@type\":\"WebSite\",\"@id\":\"https:\/\/needtohear.cz\/domains\/needtohear.cz\/#website\",\"url\":\"https:\/\/needtohear.cz\/domains\/needtohear.cz\/\",\"name\":\"Needtohear.cz\",\"description\":\"Pot\u0159ebujete sly\u0161et!\",\"publisher\":{\"@id\":\"https:\/\/needtohear.cz\/domains\/needtohear.cz\/#organization\"},\"potentialAction\":[{\"@type\":\"SearchAction\",\"target\":{\"@type\":\"EntryPoint\",\"urlTemplate\":\"https:\/\/needtohear.cz\/domains\/needtohear.cz\/?s={search_term_string}\"},\"query-input\":{\"@type\":\"PropertyValueSpecification\",\"valueRequired\":true,\"valueName\":\"search_term_string\"}}],\"inLanguage\":\"cs\"},{\"@type\":\"Organization\",\"@id\":\"https:\/\/needtohear.cz\/domains\/needtohear.cz\/#organization\",\"name\":\"Needtohear.cz\",\"url\":\"https:\/\/needtohear.cz\/domains\/needtohear.cz\/\",\"logo\":{\"@type\":\"ImageObject\",\"inLanguage\":\"cs\",\"@id\":\"https:\/\/needtohear.cz\/domains\/needtohear.cz\/#\/schema\/logo\/image\/\",\"url\":\"http:\/\/needtohear.cz\/domains\/needtohear.cz\/wp-content\/uploads\/2025\/09\/nth_header_logo.png\",\"contentUrl\":\"http:\/\/needtohear.cz\/domains\/needtohear.cz\/wp-content\/uploads\/2025\/09\/nth_header_logo.png\",\"width\":600,\"height\":261,\"caption\":\"Needtohear.cz\"},\"image\":{\"@id\":\"https:\/\/needtohear.cz\/domains\/needtohear.cz\/#\/schema\/logo\/image\/\"}},{\"@type\":\"Person\",\"@id\":\"https:\/\/needtohear.cz\/domains\/needtohear.cz\/#\/schema\/person\/e00cf98e4712890497c37802795c8a42\",\"name\":\"Jan Vi\u0161\u0148\u00e1k\",\"image\":{\"@type\":\"ImageObject\",\"inLanguage\":\"cs\",\"@id\":\"https:\/\/needtohear.cz\/domains\/needtohear.cz\/#\/schema\/person\/image\/\",\"url\":\"https:\/\/secure.gravatar.com\/avatar\/a68e7b327a28596f7cef8a7d984bff7e51ae562c021fabed09591d8163e34e73?s=96&d=mm&r=g\",\"contentUrl\":\"https:\/\/secure.gravatar.com\/avatar\/a68e7b327a28596f7cef8a7d984bff7e51ae562c021fabed09591d8163e34e73?s=96&d=mm&r=g\",\"caption\":\"Jan Vi\u0161\u0148\u00e1k\"},\"url\":\"http:\/\/needtohear.cz\/domains\/needtohear.cz\/author\/jan-visnak\/\"}]}<\/script>\n<!-- \/ Yoast SEO plugin. -->","yoast_head_json":{"title":"David Byrne v O2 universum - Needtohear.cz","description":"David Byrne, zakladatel Talking Heads, dr\u017eitel Grammy, Oscara i Zlat\u00e9ho gl\u00f3bu a jedna z nejorigin\u00e1ln\u011bj\u0161\u00edch postav modern\u00ed hudby.","robots":{"index":"index","follow":"follow","max-snippet":"max-snippet:-1","max-image-preview":"max-image-preview:large","max-video-preview":"max-video-preview:-1"},"canonical":"http:\/\/needtohear.cz\/domains\/needtohear.cz\/2025\/12\/08\/david-byrne-v-o2-universum\/","og_locale":"cs_CZ","og_type":"article","og_title":"David Byrne v O2 universum - Needtohear.cz","og_description":"David Byrne, zakladatel Talking Heads, dr\u017eitel Grammy, Oscara i Zlat\u00e9ho gl\u00f3bu a jedna z nejorigin\u00e1ln\u011bj\u0161\u00edch postav modern\u00ed hudby.","og_url":"http:\/\/needtohear.cz\/domains\/needtohear.cz\/2025\/12\/08\/david-byrne-v-o2-universum\/","og_site_name":"Needtohear.cz","article_published_time":"2025-12-08T18:04:48+00:00","article_modified_time":"2025-12-08T18:09:59+00:00","og_image":[{"width":1920,"height":1005,"url":"http:\/\/needtohear.cz\/domains\/needtohear.cz\/wp-content\/uploads\/2025\/12\/david_byrne_praha2026.jpg","type":"image\/jpeg"}],"author":"Jan Vi\u0161\u0148\u00e1k","twitter_card":"summary_large_image","twitter_misc":{"Napsal(a)":"Jan Vi\u0161\u0148\u00e1k","Odhadovan\u00e1 doba \u010dten\u00ed":"2 minuty"},"schema":{"@context":"https:\/\/schema.org","@graph":[{"@type":"Article","@id":"http:\/\/needtohear.cz\/domains\/needtohear.cz\/2025\/12\/08\/david-byrne-v-o2-universum\/#article","isPartOf":{"@id":"http:\/\/needtohear.cz\/domains\/needtohear.cz\/2025\/12\/08\/david-byrne-v-o2-universum\/"},"author":{"name":"Jan Vi\u0161\u0148\u00e1k","@id":"https:\/\/needtohear.cz\/domains\/needtohear.cz\/#\/schema\/person\/e00cf98e4712890497c37802795c8a42"},"headline":"David Byrne v O2 universum","datePublished":"2025-12-08T18:04:48+00:00","dateModified":"2025-12-08T18:09:59+00:00","mainEntityOfPage":{"@id":"http:\/\/needtohear.cz\/domains\/needtohear.cz\/2025\/12\/08\/david-byrne-v-o2-universum\/"},"wordCount":317,"publisher":{"@id":"https:\/\/needtohear.cz\/domains\/needtohear.cz\/#organization"},"image":{"@id":"http:\/\/needtohear.cz\/domains\/needtohear.cz\/2025\/12\/08\/david-byrne-v-o2-universum\/#primaryimage"},"thumbnailUrl":"http:\/\/needtohear.cz\/domains\/needtohear.cz\/wp-content\/uploads\/2025\/12\/david_byrne_praha2026.jpg","keywords":["david byrne","live nation","Live Nation Czech Repulic","o2 universum"],"articleSection":["Pozv\u00e1nky"],"inLanguage":"cs"},{"@type":"WebPage","@id":"http:\/\/needtohear.cz\/domains\/needtohear.cz\/2025\/12\/08\/david-byrne-v-o2-universum\/","url":"http:\/\/needtohear.cz\/domains\/needtohear.cz\/2025\/12\/08\/david-byrne-v-o2-universum\/","name":"David Byrne v O2 universum - Needtohear.cz","isPartOf":{"@id":"https:\/\/needtohear.cz\/domains\/needtohear.cz\/#website"},"primaryImageOfPage":{"@id":"http:\/\/needtohear.cz\/domains\/needtohear.cz\/2025\/12\/08\/david-byrne-v-o2-universum\/#primaryimage"},"image":{"@id":"http:\/\/needtohear.cz\/domains\/needtohear.cz\/2025\/12\/08\/david-byrne-v-o2-universum\/#primaryimage"},"thumbnailUrl":"http:\/\/needtohear.cz\/domains\/needtohear.cz\/wp-content\/uploads\/2025\/12\/david_byrne_praha2026.jpg","datePublished":"2025-12-08T18:04:48+00:00","dateModified":"2025-12-08T18:09:59+00:00","description":"David Byrne, zakladatel Talking Heads, dr\u017eitel Grammy, Oscara i Zlat\u00e9ho gl\u00f3bu a jedna z nejorigin\u00e1ln\u011bj\u0161\u00edch postav modern\u00ed hudby.","breadcrumb":{"@id":"http:\/\/needtohear.cz\/domains\/needtohear.cz\/2025\/12\/08\/david-byrne-v-o2-universum\/#breadcrumb"},"inLanguage":"cs","potentialAction":[{"@type":"ReadAction","target":["http:\/\/needtohear.cz\/domains\/needtohear.cz\/2025\/12\/08\/david-byrne-v-o2-universum\/"]}]},{"@type":"ImageObject","inLanguage":"cs","@id":"http:\/\/needtohear.cz\/domains\/needtohear.cz\/2025\/12\/08\/david-byrne-v-o2-universum\/#primaryimage","url":"http:\/\/needtohear.cz\/domains\/needtohear.cz\/wp-content\/uploads\/2025\/12\/david_byrne_praha2026.jpg","contentUrl":"http:\/\/needtohear.cz\/domains\/needtohear.cz\/wp-content\/uploads\/2025\/12\/david_byrne_praha2026.jpg","width":1920,"height":1005},{"@type":"BreadcrumbList","@id":"http:\/\/needtohear.cz\/domains\/needtohear.cz\/2025\/12\/08\/david-byrne-v-o2-universum\/#breadcrumb","itemListElement":[{"@type":"ListItem","position":1,"name":"Dom\u016f","item":"http:\/\/needtohear.cz\/domains\/needtohear.cz\/"},{"@type":"ListItem","position":2,"name":"David Byrne v O2 universum"}]},{"@type":"WebSite","@id":"https:\/\/needtohear.cz\/domains\/needtohear.cz\/#website","url":"https:\/\/needtohear.cz\/domains\/needtohear.cz\/","name":"Needtohear.cz","description":"Pot\u0159ebujete sly\u0161et!","publisher":{"@id":"https:\/\/needtohear.cz\/domains\/needtohear.cz\/#organization"},"potentialAction":[{"@type":"SearchAction","target":{"@type":"EntryPoint","urlTemplate":"https:\/\/needtohear.cz\/domains\/needtohear.cz\/?s={search_term_string}"},"query-input":{"@type":"PropertyValueSpecification","valueRequired":true,"valueName":"search_term_string"}}],"inLanguage":"cs"},{"@type":"Organization","@id":"https:\/\/needtohear.cz\/domains\/needtohear.cz\/#organization","name":"Needtohear.cz","url":"https:\/\/needtohear.cz\/domains\/needtohear.cz\/","logo":{"@type":"ImageObject","inLanguage":"cs","@id":"https:\/\/needtohear.cz\/domains\/needtohear.cz\/#\/schema\/logo\/image\/","url":"http:\/\/needtohear.cz\/domains\/needtohear.cz\/wp-content\/uploads\/2025\/09\/nth_header_logo.png","contentUrl":"http:\/\/needtohear.cz\/domains\/needtohear.cz\/wp-content\/uploads\/2025\/09\/nth_header_logo.png","width":600,"height":261,"caption":"Needtohear.cz"},"image":{"@id":"https:\/\/needtohear.cz\/domains\/needtohear.cz\/#\/schema\/logo\/image\/"}},{"@type":"Person","@id":"https:\/\/needtohear.cz\/domains\/needtohear.cz\/#\/schema\/person\/e00cf98e4712890497c37802795c8a42","name":"Jan Vi\u0161\u0148\u00e1k","image":{"@type":"ImageObject","inLanguage":"cs","@id":"https:\/\/needtohear.cz\/domains\/needtohear.cz\/#\/schema\/person\/image\/","url":"https:\/\/secure.gravatar.com\/avatar\/a68e7b327a28596f7cef8a7d984bff7e51ae562c021fabed09591d8163e34e73?s=96&d=mm&r=g","contentUrl":"https:\/\/secure.gravatar.com\/avatar\/a68e7b327a28596f7cef8a7d984bff7e51ae562c021fabed09591d8163e34e73?s=96&d=mm&r=g","caption":"Jan Vi\u0161\u0148\u00e1k"},"url":"http:\/\/needtohear.cz\/domains\/needtohear.cz\/author\/jan-visnak\/"}]}},"rttpg_featured_image_url":{"full":["http:\/\/needtohear.cz\/domains\/needtohear.cz\/wp-content\/uploads\/2025\/12\/david_byrne_praha2026.jpg",1920,1005,false],"landscape":["http:\/\/needtohear.cz\/domains\/needtohear.cz\/wp-content\/uploads\/2025\/12\/david_byrne_praha2026.jpg",1920,1005,false],"portraits":["http:\/\/needtohear.cz\/domains\/needtohear.cz\/wp-content\/uploads\/2025\/12\/david_byrne_praha2026.jpg",1920,1005,false],"thumbnail":["http:\/\/needtohear.cz\/domains\/needtohear.cz\/wp-content\/uploads\/2025\/12\/david_byrne_praha2026-100x100.jpg",100,100,true],"medium":["http:\/\/needtohear.cz\/domains\/needtohear.cz\/wp-content\/uploads\/2025\/12\/david_byrne_praha2026-300x157.jpg",300,157,true],"large":["http:\/\/needtohear.cz\/domains\/needtohear.cz\/wp-content\/uploads\/2025\/12\/david_byrne_praha2026-907x475.jpg",907,475,true],"1536x1536":["http:\/\/needtohear.cz\/domains\/needtohear.cz\/wp-content\/uploads\/2025\/12\/david_byrne_praha2026-1536x804.jpg",1536,804,true],"2048x2048":["http:\/\/needtohear.cz\/domains\/needtohear.cz\/wp-content\/uploads\/2025\/12\/david_byrne_praha2026.jpg",1920,1005,false],"inspiro-featured-image":["http:\/\/needtohear.cz\/domains\/needtohear.cz\/wp-content\/uploads\/2025\/12\/david_byrne_praha2026.jpg",1920,1005,false],"inspiro-loop":["http:\/\/needtohear.cz\/domains\/needtohear.cz\/wp-content\/uploads\/2025\/12\/david_byrne_praha2026-950x320.jpg",950,320,true],"inspiro-loop@2x":["http:\/\/needtohear.cz\/domains\/needtohear.cz\/wp-content\/uploads\/2025\/12\/david_byrne_praha2026-1900x640.jpg",1900,640,true]},"rttpg_author":{"display_name":"Jan Vi\u0161\u0148\u00e1k","author_link":"http:\/\/needtohear.cz\/domains\/needtohear.cz\/author\/jan-visnak\/"},"rttpg_comment":0,"rttpg_category":"<a href=\"http:\/\/needtohear.cz\/domains\/needtohear.cz\/category\/pozvanky\/\" rel=\"category tag\">Pozv\u00e1nky<\/a>","rttpg_excerpt":"David Byrne, zakladatel Talking Heads, dr\u017eitel Grammy, Oscara i Zlat\u00e9ho gl\u00f3bu a jedna z nejorigin\u00e1ln\u011bj\u0161\u00edch postav modern\u00ed hudby, p\u0159edstav\u00ed v Praze sv\u00e9 nov\u00e9 album Who Is The Sky? \u2013 prvn\u00ed studiovou nahr\u00e1vku od \u00e9ry American Utopia. Kdy:\u00a017.06.2026Kde:\u00a0Praha, O2 universumOfici\u00e1ln\u00ed ud\u00e1lost: https:\/\/www.facebook.com\/events\/1530509978165638Vstupenky: https:\/\/www.livenation.cz\/event\/david-byrne-who-is-the-sky-2026-tour-prague-tickets-edp1639784 Vstupenky v prodeji od 12.12.2025 v 10:00 David Byrne za\u010dal nov\u00e9 skladby ps\u00e1t&hellip;","_links":{"self":[{"href":"http:\/\/needtohear.cz\/domains\/needtohear.cz\/wp-json\/wp\/v2\/posts\/9758","targetHints":{"allow":["GET"]}}],"collection":[{"href":"http:\/\/needtohear.cz\/domains\/needtohear.cz\/wp-json\/wp\/v2\/posts"}],"about":[{"href":"http:\/\/needtohear.cz\/domains\/needtohear.cz\/wp-json\/wp\/v2\/types\/post"}],"author":[{"embeddable":true,"href":"http:\/\/needtohear.cz\/domains\/needtohear.cz\/wp-json\/wp\/v2\/users\/4"}],"replies":[{"embeddable":true,"href":"http:\/\/needtohear.cz\/domains\/needtohear.cz\/wp-json\/wp\/v2\/comments?post=9758"}],"version-history":[{"count":2,"href":"http:\/\/needtohear.cz\/domains\/needtohear.cz\/wp-json\/wp\/v2\/posts\/9758\/revisions"}],"predecessor-version":[{"id":9761,"href":"http:\/\/needtohear.cz\/domains\/needtohear.cz\/wp-json\/wp\/v2\/posts\/9758\/revisions\/9761"}],"wp:featuredmedia":[{"embeddable":true,"href":"http:\/\/needtohear.cz\/domains\/needtohear.cz\/wp-json\/wp\/v2\/media\/9759"}],"wp:attachment":[{"href":"http:\/\/needtohear.cz\/domains\/needtohear.cz\/wp-json\/wp\/v2\/media?parent=9758"}],"wp:term":[{"taxonomy":"category","embeddable":true,"href":"http:\/\/needtohear.cz\/domains\/needtohear.cz\/wp-json\/wp\/v2\/categories?post=9758"},{"taxonomy":"post_tag","embeddable":true,"href":"http:\/\/needtohear.cz\/domains\/needtohear.cz\/wp-json\/wp\/v2\/tags?post=9758"}],"curies":[{"name":"wp","href":"https:\/\/api.w.org\/{rel}","templated":true}]}}