{"id":9601,"date":"2025-11-21T08:58:24","date_gmt":"2025-11-21T07:58:24","guid":{"rendered":"https:\/\/needtohear.cz\/domains\/needtohear.cz\/?p=9601"},"modified":"2025-11-21T16:04:31","modified_gmt":"2025-11-21T15:04:31","slug":"primus-se-po-15-letech-vraci-do-ceske-republiky","status":"publish","type":"post","link":"http:\/\/needtohear.cz\/domains\/needtohear.cz\/2025\/11\/21\/primus-se-po-15-letech-vraci-do-ceske-republiky\/","title":{"rendered":"Primus se po 15 letech vrac\u00ed do \u010cesk\u00e9 Republiky"},"content":{"rendered":"\n<p><strong>Americk\u00e1 ikona alternative metalu Primus v \u010cesk\u00e9 Republice nem\u011bla koncert dlouh\u00fdch 15 let, co\u017e se v l\u00e9t\u011b 2026 zm\u011bn\u00ed. Pr\u016fkopn\u00edci alternativn\u00edho metalu toti\u017e p\u0159edvedou svou sv\u00e9bytnou hudebn\u00ed vizi v r\u00e1mci festivalu Brutal Assault, kter\u00fd se bude konat v pevnosti Josefov, a to 5.-8. srpna.<\/strong><\/p>\n\n\n\n<p><strong>Kdy:<\/strong>&nbsp;05. \u2013 08.08.2026<br><strong>Kde:&nbsp;<\/strong>Pevnost Josefov<br><strong>Ofici\u00e1ln\u00ed ud\u00e1lost<\/strong>:&nbsp;<a href=\"https:\/\/www.facebook.com\/events\/739452462212696\" target=\"_blank\" rel=\"noreferrer noopener\">https:\/\/www.facebook.com\/events\/739452462212696<\/a><br><strong>Vstupenky<\/strong>:&nbsp;<a href=\"https:\/\/brutalassault.cz\/cs\/tickets\" target=\"_blank\" rel=\"noreferrer noopener\">https:\/\/brutalassault.cz\/cs\/tickets<\/a><\/p>\n\n\n\n<p>TIP: Instagram stories <a href=\"https:\/\/www.instagram.com\/s\/aGlnaGxpZ2h0OjE3ODU0NzE4MTY2NTcwMDI1?story_media_id=3768730701777104469_7064274694&amp;igsh=MWZncjl3MmI0eXVsMA==\">https:\/\/www.instagram.com\/s\/aGlnaGxpZ2h0OjE3ODU0NzE4MTY2NTcwMDI1?story_media_id=3768730701777104469_7064274694&amp;igsh=MWZncjl3MmI0eXVsMA==<\/a><\/p>\n\n\n\n<p><strong>Primus<\/strong> je kapela poch\u00e1zej\u00edc\u00ed z americk\u00e9 Kalifornie, kterou nelze jednodu\u0161e popsat ani za\u0159adit \u2013 a pr\u00e1v\u011b to z n\u00ed d\u011bl\u00e1 jeden z nejz\u00e1bavn\u011bj\u0161\u00edch, nejpodivn\u011bj\u0161\u00edch a nejorigin\u00e1ln\u011bj\u0161\u00edch \u00fakaz\u016f metalov\u00e9 sc\u00e9ny.&nbsp; v polovin\u011b 80. let, ale jejich unik\u00e1tn\u00ed styl p\u016fsob\u00ed, jako by poch\u00e1zeli z alternativn\u00edho vesm\u00edru, kde funk, metal, punk, avantgarda i groteska funguj\u00ed podle jin\u00fdch fyzik\u00e1ln\u00edch z\u00e1kon\u016f. Srdcem i motorem kapely je legend\u00e1rn\u00ed baskytarista <strong>Les Claypool<\/strong>, jeho\u017e virtuosita, rytmick\u00e1 hravost a \u0161\u00edlen\u00e9 basov\u00e9 linky jsou z\u00e1kladn\u00edm stavebn\u00edm kamenem zvuku Primus. Pr\u00e1v\u011b kv\u016fli n\u011bmu maj\u00ed Primus tak charakteristick\u00e9 groove, kter\u00e9 se krout\u00ed, poskakuj\u00ed, cukaj\u00ed a \u010dasto zn\u00ed sp\u00ed\u0161 jako samostatn\u00e1 zv\u00ed\u0159ata ne\u017e jako hudebn\u00ed n\u00e1stroj. Texty b\u00fdvaj\u00ed absurdn\u00ed, satirick\u00e9, groteskn\u00ed i melancholick\u00e9 \u2013 sv\u011bt Primus ob\u00fdvaj\u00ed z\u00e1vodn\u00edci, podiv\u00edni, ryb\u00e1\u0159i, klauni i hrdinov\u00e9 s pochybnou mor\u00e1lkou. Fanou\u0161ci \u010dern\u00e9ho humoru je tak\u00e9 mohou zn\u00e1t jako tv\u016frce \u00favodn\u00ed zn\u011blky seri\u00e1lu <strong>South Park.<\/strong><\/p>\n\n\n\n<figure class=\"wp-block-embed is-type-video is-provider-youtube wp-block-embed-youtube wp-embed-aspect-16-9 wp-has-aspect-ratio\"><div class=\"wp-block-embed__wrapper\">\n<iframe title=\"Primus - Wynonna&#039;s Big Brown Beaver\" width=\"950\" height=\"534\" src=\"https:\/\/www.youtube.com\/embed\/aYDfwUJzYQg?feature=oembed\" frameborder=\"0\" allow=\"accelerometer; autoplay; clipboard-write; encrypted-media; gyroscope; picture-in-picture; web-share\" referrerpolicy=\"strict-origin-when-cross-origin\" allowfullscreen><\/iframe>\n<\/div><\/figure>\n\n\n\n<p>B\u011bhem sv\u00e9 kari\u00e9ry Primus vydali \u0159adu alb, kter\u00e1 si z\u00edskala kultovn\u00ed status, a\u0165 u\u017e jde o <em>Frizzle Fry<\/em>, ikonick\u00e9 <em>Sailing the Seas of Cheese<\/em> nebo p\u0159\u00edb\u011bhov\u011b podivuhodn\u00e9 <em>Animals Should Not Try to Act Like People<\/em>. Kapela nikdy nehr\u00e1la podle pravidel \u2013 naopak je s chut\u00ed oh\u00fdbala, l\u00e1mala a m\u011bnila v cosi zcela nov\u00e9ho. Jejich koncerty b\u00fdvaj\u00ed intenzivn\u00ed, a\u017e psychedelick\u00e9 j\u00edzdy, p\u0159i nich\u017e publikum nev\u00ed, jestli m\u00e1 tancovat, sm\u00e1t se, nebo jen v n\u011bm\u00e9m \u00fa\u017easu sledovat hudebn\u00ed chaos, kter\u00fd se p\u0159etavuje v dokonal\u00fd \u0159\u00e1d.<\/p>\n\n\n\n<p><strong>Brutal Assault<\/strong> je festival extr\u00e9mn\u00ed kytarov\u00e9 hudby, kter\u00fd od roku 1996 p\u0159iv\u00e1d\u00ed do \u010cesk\u00e9 Republiky to nejlep\u0161\u00ed ze sou\u010dasn\u00e9ho tvrd\u00e9ho metalu s ob\u010dasn\u00fdmi \u00fahyby sm\u011brem do alternativn\u00ed hudby. Festival od roku 2007 prob\u00edh\u00e1 v pevnosti Josefov, kter\u00e1 nad\u0161enc\u016fm do tvrd\u00e9 hudby poskytuje ide\u00e1ln\u00ed \u00fato\u010di\u0161t\u011b &#8211; na festival jezd\u00ed ka\u017edoro\u010dn\u011b desetitis\u00edce lid\u00ed z cel\u00e9ho sv\u011bta zejm\u00e9na d\u00edky kombinaci pe\u010dliv\u00e9 dramaturgie, atmosf\u00e9ry pevnosti a neust\u00e1le se zlep\u0161uj\u00edc\u00edch slu\u017eeb pro n\u00e1v\u0161t\u011bvn\u00edky. Festival tak\u00e9 d\u016fkladn\u011b db\u00e1 na ekologick\u00fd rozm\u011br festivalu, v \u010dem\u017e pat\u0159\u00ed mezi leadery evropsk\u00e9 festivalov\u00e9 sc\u00e9ny nap\u0159\u00ed\u010d hudebn\u00edmi \u017e\u00e1nry. Krom\u011b <strong>Primus<\/strong> letos festival tah\u00e1 nap\u0159\u00edklad na rap-metalov\u00e9 uskupen\u00ed <strong>Body Count<\/strong> v jeho\u017e \u010dele stoj\u00ed rapper <strong>Ice-T, <\/strong>britskou post-punkovou kapelu <strong>The Sisters Of Mercy<\/strong> nebo norsk\u00fd darkfolkov\u00fd ans\u00e1mbl <strong>Wardruna.<\/strong><\/p>\n\n\n\n<figure class=\"wp-block-embed is-type-video is-provider-youtube wp-block-embed-youtube wp-embed-aspect-16-9 wp-has-aspect-ratio\"><div class=\"wp-block-embed__wrapper\">\n<iframe title=\"Sisters of Mercy - This Corrosion (Official Music Video) [HD]\" width=\"950\" height=\"534\" src=\"https:\/\/www.youtube.com\/embed\/aArkIaPqV3c?feature=oembed\" frameborder=\"0\" allow=\"accelerometer; autoplay; clipboard-write; encrypted-media; gyroscope; picture-in-picture; web-share\" referrerpolicy=\"strict-origin-when-cross-origin\" allowfullscreen><\/iframe>\n<\/div><\/figure>\n\n\n\n<p><strong>Potvrzen\u00e9 kapely:<\/strong><\/p>\n\n\n\n<p>200 STAB WOUNDS, ALCEST, ALLT, AMENRA, AMORPHIS, ANGELUS APATRIDA, ANIMALS AS LEADERS, ARMORED SAINT, ARTHUR BROWN, BLACKBRAID, BLEED FROM WITHIN, BORKNAGAR, CASTLE RAT, CORONER, CRIPPLING ALCOHOLISM, CRYPTOPSY, DEAFHEAVEN, DEATH ANGEL, DECEASED, DEICIDE, DESERTED FEAR, DEVOURMENT, DRACONIAN, EIV\u00d8R, ELDER, FALLUJAH, FRONT LINE ASSEMBLY, ILLDISPOSED, IMMINENCE, INSOMNIUM, INTERNAL BLEEDING, KITTIE, KYLESA, MARDUK, MASTER BOOT RECORD, METAL CHURCH, MIS\u00deHYRMING PLAYS BEHEMOTH, MUNICIPAL WASTE, NEVERMORE, OLD MAN&#8217;S CHILD, ONSLAUGHT, PRIMUS, PSYCHONAUT, RISE OF THE NORTHSTAR, SACRED REICH, SADISTIC INTENT, SANGUISUGABOGG, SAOR, SEPTICFLESH, SIGNS OF THE SWARM, SLOPE, THE GHOST INSIDE, THE LAWS PERFORMING SARCOFAGO, THE SISTERS OF MERCY, TORMENTOR, TRIPTYKON, VADER, VENDED, WARDRUNA, WITCH CLUB SATAN, WYATT E.<\/p>\n\n\n\n<p>TZ: Obscure promotion<\/p>\n","protected":false},"excerpt":{"rendered":"<p>Americk\u00e1 ikona alternative metalu Primus v \u010cesk\u00e9 Republice nem\u011bla koncert dlouh\u00fdch 15 let, co\u017e se v l\u00e9t\u011b 2026 zm\u011bn\u00ed. Pr\u016fkopn\u00edci alternativn\u00edho metalu toti\u017e p\u0159edvedou svou sv\u00e9bytnou hudebn\u00ed vizi v r\u00e1mci festivalu Brutal Assault, kter\u00fd se bude konat v pevnosti Josefov, a to 5.-8. srpna. Kdy:&nbsp;05. \u2013 08.08.2026Kde:&nbsp;Pevnost JosefovOfici\u00e1ln\u00ed ud\u00e1lost:&nbsp;https:\/\/www.facebook.com\/events\/739452462212696Vstupenky:&nbsp;https:\/\/brutalassault.cz\/cs\/tickets TIP: Instagram stories https:\/\/www.instagram.com\/s\/aGlnaGxpZ2h0OjE3ODU0NzE4MTY2NTcwMDI1?story_media_id=3768730701777104469_7064274694&amp;igsh=MWZncjl3MmI0eXVsMA== Primus je &hellip; <\/p>\n<p class=\"link-more\"><a href=\"http:\/\/needtohear.cz\/domains\/needtohear.cz\/2025\/11\/21\/primus-se-po-15-letech-vraci-do-ceske-republiky\/\" class=\"more-link\">Read more<span class=\"screen-reader-text\"> &#8222;Primus se po 15 letech vrac\u00ed do \u010cesk\u00e9 Republiky&#8220;<\/span><\/a><\/p>\n","protected":false},"author":4,"featured_media":9602,"comment_status":"closed","ping_status":"closed","sticky":false,"template":"","format":"standard","meta":{"_monsterinsights_skip_tracking":false,"_monsterinsights_sitenote_active":false,"_monsterinsights_sitenote_note":"","_monsterinsights_sitenote_category":0,"footnotes":""},"categories":[32],"tags":[345,138,3172,782,196,3171,1609,2168],"class_list":["post-9601","post","type-post","status-publish","format-standard","has-post-thumbnail","hentry","category-pozvanky","tag-body-count","tag-brutal-assault","tag-ice-t","tag-josefov","tag-obscure-promotion","tag-primus","tag-the-sisters-of-mercy","tag-wardruna"],"yoast_head":"<!-- This site is optimized with the Yoast SEO plugin v25.9 - https:\/\/yoast.com\/wordpress\/plugins\/seo\/ -->\n<title>Primus se po 15 letech vrac\u00ed do \u010cesk\u00e9 Republiky - Needtohear.cz<\/title>\n<meta name=\"description\" content=\"Americk\u00e1 ikona alternative metalu Primus v \u010cesk\u00e9 Republice nem\u011bla koncert dlouh\u00fdch 15 let, co\u017e se v l\u00e9t\u011b 2026 zm\u011bn\u00ed.\" \/>\n<meta name=\"robots\" content=\"index, follow, max-snippet:-1, max-image-preview:large, max-video-preview:-1\" \/>\n<link rel=\"canonical\" href=\"http:\/\/needtohear.cz\/domains\/needtohear.cz\/2025\/11\/21\/primus-se-po-15-letech-vraci-do-ceske-republiky\/\" \/>\n<meta property=\"og:locale\" content=\"cs_CZ\" \/>\n<meta property=\"og:type\" content=\"article\" \/>\n<meta property=\"og:title\" content=\"Primus se po 15 letech vrac\u00ed do \u010cesk\u00e9 Republiky - Needtohear.cz\" \/>\n<meta property=\"og:description\" content=\"Americk\u00e1 ikona alternative metalu Primus v \u010cesk\u00e9 Republice nem\u011bla koncert dlouh\u00fdch 15 let, co\u017e se v l\u00e9t\u011b 2026 zm\u011bn\u00ed.\" \/>\n<meta property=\"og:url\" content=\"http:\/\/needtohear.cz\/domains\/needtohear.cz\/2025\/11\/21\/primus-se-po-15-letech-vraci-do-ceske-republiky\/\" \/>\n<meta property=\"og:site_name\" content=\"Needtohear.cz\" \/>\n<meta property=\"article:published_time\" content=\"2025-11-21T07:58:24+00:00\" \/>\n<meta property=\"article:modified_time\" content=\"2025-11-21T15:04:31+00:00\" \/>\n<meta property=\"og:image\" content=\"http:\/\/needtohear.cz\/domains\/needtohear.cz\/wp-content\/uploads\/2025\/11\/brutal_assault_2026v2-scaled.jpg\" \/>\n\t<meta property=\"og:image:width\" content=\"2560\" \/>\n\t<meta property=\"og:image:height\" content=\"1124\" \/>\n\t<meta property=\"og:image:type\" content=\"image\/jpeg\" \/>\n<meta name=\"author\" content=\"Jan Vi\u0161\u0148\u00e1k\" \/>\n<meta name=\"twitter:card\" content=\"summary_large_image\" \/>\n<meta name=\"twitter:label1\" content=\"Napsal(a)\" \/>\n\t<meta name=\"twitter:data1\" content=\"Jan Vi\u0161\u0148\u00e1k\" \/>\n\t<meta name=\"twitter:label2\" content=\"Odhadovan\u00e1 doba \u010dten\u00ed\" \/>\n\t<meta name=\"twitter:data2\" content=\"3 minuty\" \/>\n<script type=\"application\/ld+json\" class=\"yoast-schema-graph\">{\"@context\":\"https:\/\/schema.org\",\"@graph\":[{\"@type\":\"Article\",\"@id\":\"http:\/\/needtohear.cz\/domains\/needtohear.cz\/2025\/11\/21\/primus-se-po-15-letech-vraci-do-ceske-republiky\/#article\",\"isPartOf\":{\"@id\":\"http:\/\/needtohear.cz\/domains\/needtohear.cz\/2025\/11\/21\/primus-se-po-15-letech-vraci-do-ceske-republiky\/\"},\"author\":{\"name\":\"Jan Vi\u0161\u0148\u00e1k\",\"@id\":\"http:\/\/needtohear.cz\/domains\/needtohear.cz\/#\/schema\/person\/e00cf98e4712890497c37802795c8a42\"},\"headline\":\"Primus se po 15 letech vrac\u00ed do \u010cesk\u00e9 Republiky\",\"datePublished\":\"2025-11-21T07:58:24+00:00\",\"dateModified\":\"2025-11-21T15:04:31+00:00\",\"mainEntityOfPage\":{\"@id\":\"http:\/\/needtohear.cz\/domains\/needtohear.cz\/2025\/11\/21\/primus-se-po-15-letech-vraci-do-ceske-republiky\/\"},\"wordCount\":666,\"publisher\":{\"@id\":\"http:\/\/needtohear.cz\/domains\/needtohear.cz\/#organization\"},\"image\":{\"@id\":\"http:\/\/needtohear.cz\/domains\/needtohear.cz\/2025\/11\/21\/primus-se-po-15-letech-vraci-do-ceske-republiky\/#primaryimage\"},\"thumbnailUrl\":\"http:\/\/needtohear.cz\/domains\/needtohear.cz\/wp-content\/uploads\/2025\/11\/brutal_assault_2026v2-scaled.jpg\",\"keywords\":[\"body count\",\"brutal assault\",\"Ice-T\",\"josefov\",\"obscure promotion\",\"Primus\",\"the sisters of mercy\",\"WARDRUNA\"],\"articleSection\":[\"Pozv\u00e1nky\"],\"inLanguage\":\"cs\"},{\"@type\":\"WebPage\",\"@id\":\"http:\/\/needtohear.cz\/domains\/needtohear.cz\/2025\/11\/21\/primus-se-po-15-letech-vraci-do-ceske-republiky\/\",\"url\":\"http:\/\/needtohear.cz\/domains\/needtohear.cz\/2025\/11\/21\/primus-se-po-15-letech-vraci-do-ceske-republiky\/\",\"name\":\"Primus se po 15 letech vrac\u00ed do \u010cesk\u00e9 Republiky - Needtohear.cz\",\"isPartOf\":{\"@id\":\"http:\/\/needtohear.cz\/domains\/needtohear.cz\/#website\"},\"primaryImageOfPage\":{\"@id\":\"http:\/\/needtohear.cz\/domains\/needtohear.cz\/2025\/11\/21\/primus-se-po-15-letech-vraci-do-ceske-republiky\/#primaryimage\"},\"image\":{\"@id\":\"http:\/\/needtohear.cz\/domains\/needtohear.cz\/2025\/11\/21\/primus-se-po-15-letech-vraci-do-ceske-republiky\/#primaryimage\"},\"thumbnailUrl\":\"http:\/\/needtohear.cz\/domains\/needtohear.cz\/wp-content\/uploads\/2025\/11\/brutal_assault_2026v2-scaled.jpg\",\"datePublished\":\"2025-11-21T07:58:24+00:00\",\"dateModified\":\"2025-11-21T15:04:31+00:00\",\"description\":\"Americk\u00e1 ikona alternative metalu Primus v \u010cesk\u00e9 Republice nem\u011bla koncert dlouh\u00fdch 15 let, co\u017e se v l\u00e9t\u011b 2026 zm\u011bn\u00ed.\",\"breadcrumb\":{\"@id\":\"http:\/\/needtohear.cz\/domains\/needtohear.cz\/2025\/11\/21\/primus-se-po-15-letech-vraci-do-ceske-republiky\/#breadcrumb\"},\"inLanguage\":\"cs\",\"potentialAction\":[{\"@type\":\"ReadAction\",\"target\":[\"http:\/\/needtohear.cz\/domains\/needtohear.cz\/2025\/11\/21\/primus-se-po-15-letech-vraci-do-ceske-republiky\/\"]}]},{\"@type\":\"ImageObject\",\"inLanguage\":\"cs\",\"@id\":\"http:\/\/needtohear.cz\/domains\/needtohear.cz\/2025\/11\/21\/primus-se-po-15-letech-vraci-do-ceske-republiky\/#primaryimage\",\"url\":\"http:\/\/needtohear.cz\/domains\/needtohear.cz\/wp-content\/uploads\/2025\/11\/brutal_assault_2026v2-scaled.jpg\",\"contentUrl\":\"http:\/\/needtohear.cz\/domains\/needtohear.cz\/wp-content\/uploads\/2025\/11\/brutal_assault_2026v2-scaled.jpg\",\"width\":2560,\"height\":1124},{\"@type\":\"BreadcrumbList\",\"@id\":\"http:\/\/needtohear.cz\/domains\/needtohear.cz\/2025\/11\/21\/primus-se-po-15-letech-vraci-do-ceske-republiky\/#breadcrumb\",\"itemListElement\":[{\"@type\":\"ListItem\",\"position\":1,\"name\":\"Dom\u016f\",\"item\":\"http:\/\/needtohear.cz\/domains\/needtohear.cz\/\"},{\"@type\":\"ListItem\",\"position\":2,\"name\":\"Primus se po 15 letech vrac\u00ed do \u010cesk\u00e9 Republiky\"}]},{\"@type\":\"WebSite\",\"@id\":\"http:\/\/needtohear.cz\/domains\/needtohear.cz\/#website\",\"url\":\"http:\/\/needtohear.cz\/domains\/needtohear.cz\/\",\"name\":\"Needtohear.cz\",\"description\":\"Pot\u0159ebujete sly\u0161et!\",\"publisher\":{\"@id\":\"http:\/\/needtohear.cz\/domains\/needtohear.cz\/#organization\"},\"potentialAction\":[{\"@type\":\"SearchAction\",\"target\":{\"@type\":\"EntryPoint\",\"urlTemplate\":\"http:\/\/needtohear.cz\/domains\/needtohear.cz\/?s={search_term_string}\"},\"query-input\":{\"@type\":\"PropertyValueSpecification\",\"valueRequired\":true,\"valueName\":\"search_term_string\"}}],\"inLanguage\":\"cs\"},{\"@type\":\"Organization\",\"@id\":\"http:\/\/needtohear.cz\/domains\/needtohear.cz\/#organization\",\"name\":\"Needtohear.cz\",\"url\":\"http:\/\/needtohear.cz\/domains\/needtohear.cz\/\",\"logo\":{\"@type\":\"ImageObject\",\"inLanguage\":\"cs\",\"@id\":\"http:\/\/needtohear.cz\/domains\/needtohear.cz\/#\/schema\/logo\/image\/\",\"url\":\"http:\/\/needtohear.cz\/domains\/needtohear.cz\/wp-content\/uploads\/2025\/09\/nth_header_logo.png\",\"contentUrl\":\"http:\/\/needtohear.cz\/domains\/needtohear.cz\/wp-content\/uploads\/2025\/09\/nth_header_logo.png\",\"width\":600,\"height\":261,\"caption\":\"Needtohear.cz\"},\"image\":{\"@id\":\"http:\/\/needtohear.cz\/domains\/needtohear.cz\/#\/schema\/logo\/image\/\"}},{\"@type\":\"Person\",\"@id\":\"http:\/\/needtohear.cz\/domains\/needtohear.cz\/#\/schema\/person\/e00cf98e4712890497c37802795c8a42\",\"name\":\"Jan Vi\u0161\u0148\u00e1k\",\"image\":{\"@type\":\"ImageObject\",\"inLanguage\":\"cs\",\"@id\":\"http:\/\/needtohear.cz\/domains\/needtohear.cz\/#\/schema\/person\/image\/\",\"url\":\"https:\/\/secure.gravatar.com\/avatar\/a68e7b327a28596f7cef8a7d984bff7e51ae562c021fabed09591d8163e34e73?s=96&d=mm&r=g\",\"contentUrl\":\"https:\/\/secure.gravatar.com\/avatar\/a68e7b327a28596f7cef8a7d984bff7e51ae562c021fabed09591d8163e34e73?s=96&d=mm&r=g\",\"caption\":\"Jan Vi\u0161\u0148\u00e1k\"},\"url\":\"http:\/\/needtohear.cz\/domains\/needtohear.cz\/author\/jan-visnak\/\"}]}<\/script>\n<!-- \/ Yoast SEO plugin. -->","yoast_head_json":{"title":"Primus se po 15 letech vrac\u00ed do \u010cesk\u00e9 Republiky - Needtohear.cz","description":"Americk\u00e1 ikona alternative metalu Primus v \u010cesk\u00e9 Republice nem\u011bla koncert dlouh\u00fdch 15 let, co\u017e se v l\u00e9t\u011b 2026 zm\u011bn\u00ed.","robots":{"index":"index","follow":"follow","max-snippet":"max-snippet:-1","max-image-preview":"max-image-preview:large","max-video-preview":"max-video-preview:-1"},"canonical":"http:\/\/needtohear.cz\/domains\/needtohear.cz\/2025\/11\/21\/primus-se-po-15-letech-vraci-do-ceske-republiky\/","og_locale":"cs_CZ","og_type":"article","og_title":"Primus se po 15 letech vrac\u00ed do \u010cesk\u00e9 Republiky - Needtohear.cz","og_description":"Americk\u00e1 ikona alternative metalu Primus v \u010cesk\u00e9 Republice nem\u011bla koncert dlouh\u00fdch 15 let, co\u017e se v l\u00e9t\u011b 2026 zm\u011bn\u00ed.","og_url":"http:\/\/needtohear.cz\/domains\/needtohear.cz\/2025\/11\/21\/primus-se-po-15-letech-vraci-do-ceske-republiky\/","og_site_name":"Needtohear.cz","article_published_time":"2025-11-21T07:58:24+00:00","article_modified_time":"2025-11-21T15:04:31+00:00","og_image":[{"width":2560,"height":1124,"url":"http:\/\/needtohear.cz\/domains\/needtohear.cz\/wp-content\/uploads\/2025\/11\/brutal_assault_2026v2-scaled.jpg","type":"image\/jpeg"}],"author":"Jan Vi\u0161\u0148\u00e1k","twitter_card":"summary_large_image","twitter_misc":{"Napsal(a)":"Jan Vi\u0161\u0148\u00e1k","Odhadovan\u00e1 doba \u010dten\u00ed":"3 minuty"},"schema":{"@context":"https:\/\/schema.org","@graph":[{"@type":"Article","@id":"http:\/\/needtohear.cz\/domains\/needtohear.cz\/2025\/11\/21\/primus-se-po-15-letech-vraci-do-ceske-republiky\/#article","isPartOf":{"@id":"http:\/\/needtohear.cz\/domains\/needtohear.cz\/2025\/11\/21\/primus-se-po-15-letech-vraci-do-ceske-republiky\/"},"author":{"name":"Jan Vi\u0161\u0148\u00e1k","@id":"http:\/\/needtohear.cz\/domains\/needtohear.cz\/#\/schema\/person\/e00cf98e4712890497c37802795c8a42"},"headline":"Primus se po 15 letech vrac\u00ed do \u010cesk\u00e9 Republiky","datePublished":"2025-11-21T07:58:24+00:00","dateModified":"2025-11-21T15:04:31+00:00","mainEntityOfPage":{"@id":"http:\/\/needtohear.cz\/domains\/needtohear.cz\/2025\/11\/21\/primus-se-po-15-letech-vraci-do-ceske-republiky\/"},"wordCount":666,"publisher":{"@id":"http:\/\/needtohear.cz\/domains\/needtohear.cz\/#organization"},"image":{"@id":"http:\/\/needtohear.cz\/domains\/needtohear.cz\/2025\/11\/21\/primus-se-po-15-letech-vraci-do-ceske-republiky\/#primaryimage"},"thumbnailUrl":"http:\/\/needtohear.cz\/domains\/needtohear.cz\/wp-content\/uploads\/2025\/11\/brutal_assault_2026v2-scaled.jpg","keywords":["body count","brutal assault","Ice-T","josefov","obscure promotion","Primus","the sisters of mercy","WARDRUNA"],"articleSection":["Pozv\u00e1nky"],"inLanguage":"cs"},{"@type":"WebPage","@id":"http:\/\/needtohear.cz\/domains\/needtohear.cz\/2025\/11\/21\/primus-se-po-15-letech-vraci-do-ceske-republiky\/","url":"http:\/\/needtohear.cz\/domains\/needtohear.cz\/2025\/11\/21\/primus-se-po-15-letech-vraci-do-ceske-republiky\/","name":"Primus se po 15 letech vrac\u00ed do \u010cesk\u00e9 Republiky - Needtohear.cz","isPartOf":{"@id":"http:\/\/needtohear.cz\/domains\/needtohear.cz\/#website"},"primaryImageOfPage":{"@id":"http:\/\/needtohear.cz\/domains\/needtohear.cz\/2025\/11\/21\/primus-se-po-15-letech-vraci-do-ceske-republiky\/#primaryimage"},"image":{"@id":"http:\/\/needtohear.cz\/domains\/needtohear.cz\/2025\/11\/21\/primus-se-po-15-letech-vraci-do-ceske-republiky\/#primaryimage"},"thumbnailUrl":"http:\/\/needtohear.cz\/domains\/needtohear.cz\/wp-content\/uploads\/2025\/11\/brutal_assault_2026v2-scaled.jpg","datePublished":"2025-11-21T07:58:24+00:00","dateModified":"2025-11-21T15:04:31+00:00","description":"Americk\u00e1 ikona alternative metalu Primus v \u010cesk\u00e9 Republice nem\u011bla koncert dlouh\u00fdch 15 let, co\u017e se v l\u00e9t\u011b 2026 zm\u011bn\u00ed.","breadcrumb":{"@id":"http:\/\/needtohear.cz\/domains\/needtohear.cz\/2025\/11\/21\/primus-se-po-15-letech-vraci-do-ceske-republiky\/#breadcrumb"},"inLanguage":"cs","potentialAction":[{"@type":"ReadAction","target":["http:\/\/needtohear.cz\/domains\/needtohear.cz\/2025\/11\/21\/primus-se-po-15-letech-vraci-do-ceske-republiky\/"]}]},{"@type":"ImageObject","inLanguage":"cs","@id":"http:\/\/needtohear.cz\/domains\/needtohear.cz\/2025\/11\/21\/primus-se-po-15-letech-vraci-do-ceske-republiky\/#primaryimage","url":"http:\/\/needtohear.cz\/domains\/needtohear.cz\/wp-content\/uploads\/2025\/11\/brutal_assault_2026v2-scaled.jpg","contentUrl":"http:\/\/needtohear.cz\/domains\/needtohear.cz\/wp-content\/uploads\/2025\/11\/brutal_assault_2026v2-scaled.jpg","width":2560,"height":1124},{"@type":"BreadcrumbList","@id":"http:\/\/needtohear.cz\/domains\/needtohear.cz\/2025\/11\/21\/primus-se-po-15-letech-vraci-do-ceske-republiky\/#breadcrumb","itemListElement":[{"@type":"ListItem","position":1,"name":"Dom\u016f","item":"http:\/\/needtohear.cz\/domains\/needtohear.cz\/"},{"@type":"ListItem","position":2,"name":"Primus se po 15 letech vrac\u00ed do \u010cesk\u00e9 Republiky"}]},{"@type":"WebSite","@id":"http:\/\/needtohear.cz\/domains\/needtohear.cz\/#website","url":"http:\/\/needtohear.cz\/domains\/needtohear.cz\/","name":"Needtohear.cz","description":"Pot\u0159ebujete sly\u0161et!","publisher":{"@id":"http:\/\/needtohear.cz\/domains\/needtohear.cz\/#organization"},"potentialAction":[{"@type":"SearchAction","target":{"@type":"EntryPoint","urlTemplate":"http:\/\/needtohear.cz\/domains\/needtohear.cz\/?s={search_term_string}"},"query-input":{"@type":"PropertyValueSpecification","valueRequired":true,"valueName":"search_term_string"}}],"inLanguage":"cs"},{"@type":"Organization","@id":"http:\/\/needtohear.cz\/domains\/needtohear.cz\/#organization","name":"Needtohear.cz","url":"http:\/\/needtohear.cz\/domains\/needtohear.cz\/","logo":{"@type":"ImageObject","inLanguage":"cs","@id":"http:\/\/needtohear.cz\/domains\/needtohear.cz\/#\/schema\/logo\/image\/","url":"http:\/\/needtohear.cz\/domains\/needtohear.cz\/wp-content\/uploads\/2025\/09\/nth_header_logo.png","contentUrl":"http:\/\/needtohear.cz\/domains\/needtohear.cz\/wp-content\/uploads\/2025\/09\/nth_header_logo.png","width":600,"height":261,"caption":"Needtohear.cz"},"image":{"@id":"http:\/\/needtohear.cz\/domains\/needtohear.cz\/#\/schema\/logo\/image\/"}},{"@type":"Person","@id":"http:\/\/needtohear.cz\/domains\/needtohear.cz\/#\/schema\/person\/e00cf98e4712890497c37802795c8a42","name":"Jan Vi\u0161\u0148\u00e1k","image":{"@type":"ImageObject","inLanguage":"cs","@id":"http:\/\/needtohear.cz\/domains\/needtohear.cz\/#\/schema\/person\/image\/","url":"https:\/\/secure.gravatar.com\/avatar\/a68e7b327a28596f7cef8a7d984bff7e51ae562c021fabed09591d8163e34e73?s=96&d=mm&r=g","contentUrl":"https:\/\/secure.gravatar.com\/avatar\/a68e7b327a28596f7cef8a7d984bff7e51ae562c021fabed09591d8163e34e73?s=96&d=mm&r=g","caption":"Jan Vi\u0161\u0148\u00e1k"},"url":"http:\/\/needtohear.cz\/domains\/needtohear.cz\/author\/jan-visnak\/"}]}},"rttpg_featured_image_url":{"full":["http:\/\/needtohear.cz\/domains\/needtohear.cz\/wp-content\/uploads\/2025\/11\/brutal_assault_2026v2-scaled.jpg",2560,1124,false],"landscape":["http:\/\/needtohear.cz\/domains\/needtohear.cz\/wp-content\/uploads\/2025\/11\/brutal_assault_2026v2-scaled.jpg",2560,1124,false],"portraits":["http:\/\/needtohear.cz\/domains\/needtohear.cz\/wp-content\/uploads\/2025\/11\/brutal_assault_2026v2-scaled.jpg",2560,1124,false],"thumbnail":["http:\/\/needtohear.cz\/domains\/needtohear.cz\/wp-content\/uploads\/2025\/11\/brutal_assault_2026v2-100x100.jpg",100,100,true],"medium":["http:\/\/needtohear.cz\/domains\/needtohear.cz\/wp-content\/uploads\/2025\/11\/brutal_assault_2026v2-300x132.jpg",300,132,true],"large":["http:\/\/needtohear.cz\/domains\/needtohear.cz\/wp-content\/uploads\/2025\/11\/brutal_assault_2026v2-907x398.jpg",907,398,true],"1536x1536":["http:\/\/needtohear.cz\/domains\/needtohear.cz\/wp-content\/uploads\/2025\/11\/brutal_assault_2026v2-scaled-1536x674.jpg",1536,674,true],"2048x2048":["http:\/\/needtohear.cz\/domains\/needtohear.cz\/wp-content\/uploads\/2025\/11\/brutal_assault_2026v2-scaled-2048x899.jpg",2048,899,true],"inspiro-featured-image":["http:\/\/needtohear.cz\/domains\/needtohear.cz\/wp-content\/uploads\/2025\/11\/brutal_assault_2026v2-2000x878.jpg",2000,878,true],"inspiro-loop":["http:\/\/needtohear.cz\/domains\/needtohear.cz\/wp-content\/uploads\/2025\/11\/brutal_assault_2026v2-950x320.jpg",950,320,true],"inspiro-loop@2x":["http:\/\/needtohear.cz\/domains\/needtohear.cz\/wp-content\/uploads\/2025\/11\/brutal_assault_2026v2-1900x640.jpg",1900,640,true]},"rttpg_author":{"display_name":"Jan Vi\u0161\u0148\u00e1k","author_link":"http:\/\/needtohear.cz\/domains\/needtohear.cz\/author\/jan-visnak\/"},"rttpg_comment":0,"rttpg_category":"<a href=\"http:\/\/needtohear.cz\/domains\/needtohear.cz\/category\/pozvanky\/\" rel=\"category tag\">Pozv\u00e1nky<\/a>","rttpg_excerpt":"Americk\u00e1 ikona alternative metalu Primus v \u010cesk\u00e9 Republice nem\u011bla koncert dlouh\u00fdch 15 let, co\u017e se v l\u00e9t\u011b 2026 zm\u011bn\u00ed. Pr\u016fkopn\u00edci alternativn\u00edho metalu toti\u017e p\u0159edvedou svou sv\u00e9bytnou hudebn\u00ed vizi v r\u00e1mci festivalu Brutal Assault, kter\u00fd se bude konat v pevnosti Josefov, a to 5.-8. srpna. Kdy:&nbsp;05. \u2013 08.08.2026Kde:&nbsp;Pevnost JosefovOfici\u00e1ln\u00ed ud\u00e1lost:&nbsp;https:\/\/www.facebook.com\/events\/739452462212696Vstupenky:&nbsp;https:\/\/brutalassault.cz\/cs\/tickets TIP: Instagram stories https:\/\/www.instagram.com\/s\/aGlnaGxpZ2h0OjE3ODU0NzE4MTY2NTcwMDI1?story_media_id=3768730701777104469_7064274694&amp;igsh=MWZncjl3MmI0eXVsMA== Primus je&hellip;","_links":{"self":[{"href":"http:\/\/needtohear.cz\/domains\/needtohear.cz\/wp-json\/wp\/v2\/posts\/9601","targetHints":{"allow":["GET"]}}],"collection":[{"href":"http:\/\/needtohear.cz\/domains\/needtohear.cz\/wp-json\/wp\/v2\/posts"}],"about":[{"href":"http:\/\/needtohear.cz\/domains\/needtohear.cz\/wp-json\/wp\/v2\/types\/post"}],"author":[{"embeddable":true,"href":"http:\/\/needtohear.cz\/domains\/needtohear.cz\/wp-json\/wp\/v2\/users\/4"}],"replies":[{"embeddable":true,"href":"http:\/\/needtohear.cz\/domains\/needtohear.cz\/wp-json\/wp\/v2\/comments?post=9601"}],"version-history":[{"count":3,"href":"http:\/\/needtohear.cz\/domains\/needtohear.cz\/wp-json\/wp\/v2\/posts\/9601\/revisions"}],"predecessor-version":[{"id":9619,"href":"http:\/\/needtohear.cz\/domains\/needtohear.cz\/wp-json\/wp\/v2\/posts\/9601\/revisions\/9619"}],"wp:featuredmedia":[{"embeddable":true,"href":"http:\/\/needtohear.cz\/domains\/needtohear.cz\/wp-json\/wp\/v2\/media\/9602"}],"wp:attachment":[{"href":"http:\/\/needtohear.cz\/domains\/needtohear.cz\/wp-json\/wp\/v2\/media?parent=9601"}],"wp:term":[{"taxonomy":"category","embeddable":true,"href":"http:\/\/needtohear.cz\/domains\/needtohear.cz\/wp-json\/wp\/v2\/categories?post=9601"},{"taxonomy":"post_tag","embeddable":true,"href":"http:\/\/needtohear.cz\/domains\/needtohear.cz\/wp-json\/wp\/v2\/tags?post=9601"}],"curies":[{"name":"wp","href":"https:\/\/api.w.org\/{rel}","templated":true}]}}