{"id":2612,"date":"2021-09-06T15:15:08","date_gmt":"2021-09-06T13:15:08","guid":{"rendered":"http:\/\/needtohear.cz\/domains\/needtohear.cz\/?p=2612"},"modified":"2021-09-06T15:15:09","modified_gmt":"2021-09-06T13:15:09","slug":"mladi-ladi-jazz-open-air-2021","status":"publish","type":"post","link":"http:\/\/needtohear.cz\/domains\/needtohear.cz\/2021\/09\/06\/mladi-ladi-jazz-open-air-2021\/","title":{"rendered":"Mlad\u00ed lad\u00ed jazz Open Air 2021"},"content":{"rendered":"\n<p class=\"wp-block-paragraph\">Karlovo n\u00e1m\u011bst\u00ed na za\u010d\u00e1tku z\u00e1\u0159\u00ed ovl\u00e1dne jazz. <\/p>\n\n\n\n<p class=\"wp-block-paragraph\"><em>V Praze 31. srpna &#8211; Festival Mlad\u00ed lad\u00ed jazz vysekne 9. z\u00e1\u0159\u00ed poctu jazzu v mnoha jeho podob\u00e1ch Open Air koncertem na pra\u017esk\u00e9m Karlov\u011b n\u00e1m\u011bst\u00ed. Zdarma p\u0159\u00edstupn\u00fd program bude nejen oslavou jazzu, ale ve\u0161ker\u00e9 hudby, kter\u00e1 m\u00e1 v sob\u011b radost, tvo\u0159ivost, energii a n\u00e1paditost. Do Prahy zam\u00ed\u0159\u00ed hv\u011bzdn\u00ed brit\u0161t\u00ed Portico Quartet \u010di irsk\u00e1 hv\u011bzda inteligentn\u00edho hip hopu Alex Gough, d\u00e1le vystoup\u00ed Kate\u0159ina Steinerov\u00e1 &amp; Her Swing Boys, \u010desko-slovensko-americk\u00fd projekt Zorba \u017de Ja Buddha nebo big band Cotatcha Orchestra. P\u0159\u00edm\u00fd p\u0159enos z koncertu nab\u00eddne ve sv\u00e9m vys\u00edl\u00e1n\u00ed stanice \u010cesk\u00fd rozhlas Vltava a bude streamov\u00e1n na facebookov\u00e9m profilu Mlad\u00ed lad\u00ed jazz i stanice Vltava.<\/em><\/p>\n\n\n\n<p class=\"wp-block-paragraph\">Festival Mlad\u00ed lad\u00ed jazz u n\u00e1s ka\u017edoro\u010dn\u011b p\u0159ipom\u00edn\u00e1 Mezin\u00e1rodn\u00ed den jazzu, kter\u00fd je vyhl\u00e1\u0161en na 30. dubna. Tradi\u010dn\u00ed Open Air se tak letos uskute\u010dn\u00ed s n\u011bkolikam\u011bs\u00ed\u010dn\u00edm zpo\u017ed\u011bn\u00edm. <em>\u201eJsme r\u00e1di, \u017ee se n\u00e1m poda\u0159\u00ed letos navzdory okolnostem Mezin\u00e1rodn\u00ed den jazzu oslavit. Jak \u0159\u00edk\u00e1 jeho ambasador Herbie Hancock<\/em> &#8218;K na\u0161\u00edm \u017eivot\u016fm pat\u0159\u00ed p\u0159ek\u00e1\u017eky. A teprve jejich p\u0159ekon\u00e1n\u00edm objev\u00edme ten prav\u00fd kl\u00ed\u010d ke \u0161t\u011bst\u00ed.&#8216; Pevn\u011b v\u011b\u0159\u00edm, \u017ee si o to v\u00edce n\u00e1\u0161 Open Air v\u0161ichni u\u017eijeme,\u201d \u0159\u00edk\u00e1 za po\u0159adatele \u0159editel festivalu Jan Gregar. Programem budou prov\u00e1zet Marta Klou\u010dkov\u00e1, David Brada, S\u00e1ra Vondr\u00e1\u0161kov\u00e1 a Jan Gregar. Koncert za\u010dne v 15.00 hod a je p\u0159\u00edstupn\u00fd zdarma. Festivalov\u00ed p\u0159\u00edznivci v\u0161ak mohou p\u0159isp\u011bt dobrovoln\u00fdm vstupn\u00fdm. V\u00edce informac\u00ed je k dispozici na www.mladiladijazz.cz.<\/p>\n\n\n\n<figure class=\"wp-block-image size-large\"><img fetchpriority=\"high\" decoding=\"async\" width=\"525\" height=\"700\" src=\"http:\/\/needtohear.cz\/domains\/needtohear.cz\/wp-content\/uploads\/2021\/09\/portico_m-525x700.jpg\" alt=\"\" class=\"wp-image-2614\" srcset=\"http:\/\/needtohear.cz\/domains\/needtohear.cz\/wp-content\/uploads\/2021\/09\/portico_m-525x700.jpg 525w, http:\/\/needtohear.cz\/domains\/needtohear.cz\/wp-content\/uploads\/2021\/09\/portico_m-225x300.jpg 225w, http:\/\/needtohear.cz\/domains\/needtohear.cz\/wp-content\/uploads\/2021\/09\/portico_m-768x1024.jpg 768w, http:\/\/needtohear.cz\/domains\/needtohear.cz\/wp-content\/uploads\/2021\/09\/portico_m-1152x1536.jpg 1152w, http:\/\/needtohear.cz\/domains\/needtohear.cz\/wp-content\/uploads\/2021\/09\/portico_m-300x400.jpg 300w, http:\/\/needtohear.cz\/domains\/needtohear.cz\/wp-content\/uploads\/2021\/09\/portico_m-850x1133.jpg 850w, http:\/\/needtohear.cz\/domains\/needtohear.cz\/wp-content\/uploads\/2021\/09\/portico_m.jpg 1254w\" sizes=\"(max-width: 525px) 100vw, 525px\" \/><\/figure>\n\n\n\n<p class=\"wp-block-paragraph\">Open Air otev\u0159e Kate\u0159ina Steinerov\u00e1 &amp; Her Swing Boys, kte\u0159\u00ed Karlovo n\u00e1m\u011bst\u00ed prom\u011bn\u00ed v tane\u010dn\u00ed garden party 20. a 30. let minul\u00e9ho stolet\u00ed, a to se v\u0161\u00edm, co k tomu pat\u0159\u00ed. Zorba \u017de Ja Buddha, projekt baskytaristy Ond\u0159eje Hausera a slovensko-americk\u00e9 zp\u011bva\u010dky Ashley Abrman, p\u0159inese origin\u00e1ln\u00ed sm\u011bs alternativn\u00edho jazzu, elektroniky a hip hopu. K jeho kvalit\u011b a popularit\u011b p\u0159isp\u011bl nejen v rodn\u00e9m Irsku tak\u00e9 mlad\u00fd buben\u00edk, raper a producent Alex Gough, jeho\u017e debutov\u00e9 EP 80% posb\u00edralo mili\u00f3ny zhl\u00e9dnut\u00ed. Mezin\u00e1rodn\u011b uzn\u00e1van\u00fd big band Cotatcha Orchestra, zalo\u017een\u00fd trumpetistou Ji\u0159\u00edm Kota\u010dou, je dal\u0161\u00edm uskupen\u00edm, kter\u00e9 suver\u00e9nn\u011b dok\u00e1\u017ee p\u0159ekra\u010dovat \u017e\u00e1nrov\u00e9 hranice a bez probl\u00e9m\u016f spolupracovat se \u0161pi\u010dkov\u00fdmi interprety u n\u00e1s i v zahrani\u010d\u00ed. Program Open Airu uzav\u0159e ve ve\u010dern\u00edch hodin\u00e1ch p\u0159edn\u00ed formace britsk\u00e9 alternativn\u00ed sc\u00e9ny Portico Quartet. Ans\u00e1mbl, pro n\u011bj\u017e je typick\u00fd zvuk i u n\u00e1s popul\u00e1rn\u00edho rytmicko-melodick\u00e9ho instrumentu zvan\u00e9ho hang, vytv\u00e1\u0159\u00ed origin\u00e1ln\u00ed obrazotvorn\u00fd mix ambientu, minimalismu a elektroniky, ani\u017e by zapomn\u011bl na sv\u00e9 evropsk\u00e9 ko\u0159eny.<\/p>\n\n\n\n<p class=\"wp-block-paragraph\">Po\u0159adatelem koncertu je organizace Nerudn\u00fd fest, kter\u00e1 stoj\u00ed tak\u00e9 za festivaly Praha \u017eije hudbou, Student fest a Koncert pro budoucnost.<\/p>\n\n\n\n<figure class=\"wp-block-image size-large\"><img decoding=\"async\" width=\"907\" height=\"605\" src=\"http:\/\/needtohear.cz\/domains\/needtohear.cz\/wp-content\/uploads\/2021\/09\/Alex_Gough_m-907x605.jpeg\" alt=\"\" class=\"wp-image-2615\" srcset=\"http:\/\/needtohear.cz\/domains\/needtohear.cz\/wp-content\/uploads\/2021\/09\/Alex_Gough_m-907x605.jpeg 907w, http:\/\/needtohear.cz\/domains\/needtohear.cz\/wp-content\/uploads\/2021\/09\/Alex_Gough_m-300x200.jpeg 300w, http:\/\/needtohear.cz\/domains\/needtohear.cz\/wp-content\/uploads\/2021\/09\/Alex_Gough_m-768x512.jpeg 768w, http:\/\/needtohear.cz\/domains\/needtohear.cz\/wp-content\/uploads\/2021\/09\/Alex_Gough_m-1536x1024.jpeg 1536w, http:\/\/needtohear.cz\/domains\/needtohear.cz\/wp-content\/uploads\/2021\/09\/Alex_Gough_m-850x567.jpeg 850w, http:\/\/needtohear.cz\/domains\/needtohear.cz\/wp-content\/uploads\/2021\/09\/Alex_Gough_m.jpeg 1773w\" sizes=\"(max-width: 907px) 100vw, 907px\" \/><\/figure>\n\n\n\n<p class=\"wp-block-paragraph\">Open Air se kon\u00e1 pod z\u00e1\u0161titou MgA. Hany T\u0159e\u0161t\u00edkov\u00e9, radn\u00ed pro kulturu hl. m. Prahy, Mgr. Jana Chabra, radn\u00edho pro oblast spr\u00e1vy majetku hl. m. Prahy, Mgr. Jany \u010cernochov\u00e9, starostky m\u011bstsk\u00e9 \u010d\u00e1sti M\u010c Praha 2 a Ing. Jaroslavem \u0160olce, m\u00edstostarosty pro kulturu M\u010c Praha 2<\/p>\n\n\n\n<p class=\"wp-block-paragraph\">TZ: SMART Communication<\/p>\n","protected":false},"excerpt":{"rendered":"<p>Karlovo n\u00e1m\u011bst\u00ed na za\u010d\u00e1tku z\u00e1\u0159\u00ed ovl\u00e1dne jazz. V Praze 31. srpna &#8211; Festival Mlad\u00ed lad\u00ed jazz vysekne 9. z\u00e1\u0159\u00ed poctu jazzu v mnoha jeho podob\u00e1ch Open Air koncertem na pra\u017esk\u00e9m Karlov\u011b n\u00e1m\u011bst\u00ed. Zdarma p\u0159\u00edstupn\u00fd program bude nejen oslavou jazzu, ale ve\u0161ker\u00e9 hudby, kter\u00e1 m\u00e1 v sob\u011b radost, tvo\u0159ivost, energii a n\u00e1paditost. Do Prahy zam\u00ed\u0159\u00ed hv\u011bzdn\u00ed &hellip; <\/p>\n<p class=\"link-more\"><a href=\"http:\/\/needtohear.cz\/domains\/needtohear.cz\/2021\/09\/06\/mladi-ladi-jazz-open-air-2021\/\" class=\"more-link\">Read more<span class=\"screen-reader-text\"> &#8222;Mlad\u00ed lad\u00ed jazz Open Air 2021&#8220;<\/span><\/a><\/p>\n","protected":false},"author":4,"featured_media":2613,"comment_status":"closed","ping_status":"closed","sticky":false,"template":"","format":"standard","meta":{"_monsterinsights_skip_tracking":false,"_monsterinsights_sitenote_active":false,"_monsterinsights_sitenote_note":"","_monsterinsights_sitenote_category":0,"ngg_post_thumbnail":0,"footnotes":""},"categories":[32],"tags":[814,815,817,812,813,523,816],"class_list":["post-2612","post","type-post","status-publish","format-standard","has-post-thumbnail","hentry","category-pozvanky","tag-alex-gough","tag-cotatcha-orchestra","tag-katerina-steinerov","tag-mladi-ladi-jazz-2","tag-portico-quartet","tag-smart-communication-s-r-o","tag-zorba-ze-ja-buddha"],"yoast_head":"<!-- This site is optimized with the Yoast SEO plugin v25.9 - https:\/\/yoast.com\/wordpress\/plugins\/seo\/ -->\n<title>Mlad\u00ed lad\u00ed jazz Open Air 2021 - Needtohear.cz<\/title>\n<meta name=\"robots\" content=\"index, follow, max-snippet:-1, max-image-preview:large, max-video-preview:-1\" \/>\n<link rel=\"canonical\" href=\"http:\/\/needtohear.cz\/domains\/needtohear.cz\/2021\/09\/06\/mladi-ladi-jazz-open-air-2021\/\" \/>\n<meta property=\"og:locale\" content=\"cs_CZ\" \/>\n<meta property=\"og:type\" content=\"article\" \/>\n<meta property=\"og:title\" content=\"Mlad\u00ed lad\u00ed jazz Open Air 2021 - Needtohear.cz\" \/>\n<meta property=\"og:description\" content=\"Karlovo n\u00e1m\u011bst\u00ed na za\u010d\u00e1tku z\u00e1\u0159\u00ed ovl\u00e1dne jazz. V Praze 31. srpna &#8211; Festival Mlad\u00ed lad\u00ed jazz vysekne 9. z\u00e1\u0159\u00ed poctu jazzu v mnoha jeho podob\u00e1ch Open Air koncertem na pra\u017esk\u00e9m Karlov\u011b n\u00e1m\u011bst\u00ed. Zdarma p\u0159\u00edstupn\u00fd program bude nejen oslavou jazzu, ale ve\u0161ker\u00e9 hudby, kter\u00e1 m\u00e1 v sob\u011b radost, tvo\u0159ivost, energii a n\u00e1paditost. Do Prahy zam\u00ed\u0159\u00ed hv\u011bzdn\u00ed &hellip; Read more &quot;Mlad\u00ed lad\u00ed jazz Open Air 2021&quot;\" \/>\n<meta property=\"og:url\" content=\"http:\/\/needtohear.cz\/domains\/needtohear.cz\/2021\/09\/06\/mladi-ladi-jazz-open-air-2021\/\" \/>\n<meta property=\"og:site_name\" content=\"Needtohear.cz\" \/>\n<meta property=\"article:published_time\" content=\"2021-09-06T13:15:08+00:00\" \/>\n<meta property=\"article:modified_time\" content=\"2021-09-06T13:15:09+00:00\" \/>\n<meta property=\"og:image\" content=\"http:\/\/needtohear.cz\/domains\/needtohear.cz\/wp-content\/uploads\/2021\/09\/MLJ_OPEN_AIR_foto_Petr_Klapper4.jpg\" \/>\n\t<meta property=\"og:image:width\" content=\"1400\" \/>\n\t<meta property=\"og:image:height\" content=\"934\" \/>\n\t<meta property=\"og:image:type\" content=\"image\/jpeg\" \/>\n<meta name=\"author\" content=\"Jan Vi\u0161\u0148\u00e1k\" \/>\n<meta name=\"twitter:card\" content=\"summary_large_image\" \/>\n<meta name=\"twitter:label1\" content=\"Napsal(a)\" \/>\n\t<meta name=\"twitter:data1\" content=\"Jan Vi\u0161\u0148\u00e1k\" \/>\n\t<meta name=\"twitter:label2\" content=\"Odhadovan\u00e1 doba \u010dten\u00ed\" \/>\n\t<meta name=\"twitter:data2\" content=\"3 minuty\" \/>\n<script type=\"application\/ld+json\" class=\"yoast-schema-graph\">{\"@context\":\"https:\/\/schema.org\",\"@graph\":[{\"@type\":\"Article\",\"@id\":\"http:\/\/needtohear.cz\/domains\/needtohear.cz\/2021\/09\/06\/mladi-ladi-jazz-open-air-2021\/#article\",\"isPartOf\":{\"@id\":\"http:\/\/needtohear.cz\/domains\/needtohear.cz\/2021\/09\/06\/mladi-ladi-jazz-open-air-2021\/\"},\"author\":{\"name\":\"Jan Vi\u0161\u0148\u00e1k\",\"@id\":\"http:\/\/needtohear.cz\/domains\/needtohear.cz\/#\/schema\/person\/e00cf98e4712890497c37802795c8a42\"},\"headline\":\"Mlad\u00ed lad\u00ed jazz Open Air 2021\",\"datePublished\":\"2021-09-06T13:15:08+00:00\",\"dateModified\":\"2021-09-06T13:15:09+00:00\",\"mainEntityOfPage\":{\"@id\":\"http:\/\/needtohear.cz\/domains\/needtohear.cz\/2021\/09\/06\/mladi-ladi-jazz-open-air-2021\/\"},\"wordCount\":577,\"publisher\":{\"@id\":\"http:\/\/needtohear.cz\/domains\/needtohear.cz\/#organization\"},\"image\":{\"@id\":\"http:\/\/needtohear.cz\/domains\/needtohear.cz\/2021\/09\/06\/mladi-ladi-jazz-open-air-2021\/#primaryimage\"},\"thumbnailUrl\":\"http:\/\/needtohear.cz\/domains\/needtohear.cz\/wp-content\/uploads\/2021\/09\/MLJ_OPEN_AIR_foto_Petr_Klapper4.jpg\",\"keywords\":[\"Alex Gough\",\"Cotatcha Orchestra\",\"Kate\u0159ina Steinerov\",\"mladi ladi jazz\",\"Portico Quartet\",\"SMART Communication s.r.o.\",\"Zorba \u017de Ja Buddha\"],\"articleSection\":[\"Pozv\u00e1nky\"],\"inLanguage\":\"cs\"},{\"@type\":\"WebPage\",\"@id\":\"http:\/\/needtohear.cz\/domains\/needtohear.cz\/2021\/09\/06\/mladi-ladi-jazz-open-air-2021\/\",\"url\":\"http:\/\/needtohear.cz\/domains\/needtohear.cz\/2021\/09\/06\/mladi-ladi-jazz-open-air-2021\/\",\"name\":\"Mlad\u00ed lad\u00ed jazz Open Air 2021 - Needtohear.cz\",\"isPartOf\":{\"@id\":\"http:\/\/needtohear.cz\/domains\/needtohear.cz\/#website\"},\"primaryImageOfPage\":{\"@id\":\"http:\/\/needtohear.cz\/domains\/needtohear.cz\/2021\/09\/06\/mladi-ladi-jazz-open-air-2021\/#primaryimage\"},\"image\":{\"@id\":\"http:\/\/needtohear.cz\/domains\/needtohear.cz\/2021\/09\/06\/mladi-ladi-jazz-open-air-2021\/#primaryimage\"},\"thumbnailUrl\":\"http:\/\/needtohear.cz\/domains\/needtohear.cz\/wp-content\/uploads\/2021\/09\/MLJ_OPEN_AIR_foto_Petr_Klapper4.jpg\",\"datePublished\":\"2021-09-06T13:15:08+00:00\",\"dateModified\":\"2021-09-06T13:15:09+00:00\",\"breadcrumb\":{\"@id\":\"http:\/\/needtohear.cz\/domains\/needtohear.cz\/2021\/09\/06\/mladi-ladi-jazz-open-air-2021\/#breadcrumb\"},\"inLanguage\":\"cs\",\"potentialAction\":[{\"@type\":\"ReadAction\",\"target\":[\"http:\/\/needtohear.cz\/domains\/needtohear.cz\/2021\/09\/06\/mladi-ladi-jazz-open-air-2021\/\"]}]},{\"@type\":\"ImageObject\",\"inLanguage\":\"cs\",\"@id\":\"http:\/\/needtohear.cz\/domains\/needtohear.cz\/2021\/09\/06\/mladi-ladi-jazz-open-air-2021\/#primaryimage\",\"url\":\"http:\/\/needtohear.cz\/domains\/needtohear.cz\/wp-content\/uploads\/2021\/09\/MLJ_OPEN_AIR_foto_Petr_Klapper4.jpg\",\"contentUrl\":\"http:\/\/needtohear.cz\/domains\/needtohear.cz\/wp-content\/uploads\/2021\/09\/MLJ_OPEN_AIR_foto_Petr_Klapper4.jpg\",\"width\":1400,\"height\":934},{\"@type\":\"BreadcrumbList\",\"@id\":\"http:\/\/needtohear.cz\/domains\/needtohear.cz\/2021\/09\/06\/mladi-ladi-jazz-open-air-2021\/#breadcrumb\",\"itemListElement\":[{\"@type\":\"ListItem\",\"position\":1,\"name\":\"Dom\u016f\",\"item\":\"http:\/\/needtohear.cz\/domains\/needtohear.cz\/\"},{\"@type\":\"ListItem\",\"position\":2,\"name\":\"Mlad\u00ed lad\u00ed jazz Open Air 2021\"}]},{\"@type\":\"WebSite\",\"@id\":\"http:\/\/needtohear.cz\/domains\/needtohear.cz\/#website\",\"url\":\"http:\/\/needtohear.cz\/domains\/needtohear.cz\/\",\"name\":\"Needtohear.cz\",\"description\":\"Pot\u0159ebujete sly\u0161et!\",\"publisher\":{\"@id\":\"http:\/\/needtohear.cz\/domains\/needtohear.cz\/#organization\"},\"potentialAction\":[{\"@type\":\"SearchAction\",\"target\":{\"@type\":\"EntryPoint\",\"urlTemplate\":\"http:\/\/needtohear.cz\/domains\/needtohear.cz\/?s={search_term_string}\"},\"query-input\":{\"@type\":\"PropertyValueSpecification\",\"valueRequired\":true,\"valueName\":\"search_term_string\"}}],\"inLanguage\":\"cs\"},{\"@type\":\"Organization\",\"@id\":\"http:\/\/needtohear.cz\/domains\/needtohear.cz\/#organization\",\"name\":\"Needtohear.cz\",\"url\":\"http:\/\/needtohear.cz\/domains\/needtohear.cz\/\",\"logo\":{\"@type\":\"ImageObject\",\"inLanguage\":\"cs\",\"@id\":\"http:\/\/needtohear.cz\/domains\/needtohear.cz\/#\/schema\/logo\/image\/\",\"url\":\"http:\/\/needtohear.cz\/domains\/needtohear.cz\/wp-content\/uploads\/2025\/09\/nth_header_logo.png\",\"contentUrl\":\"http:\/\/needtohear.cz\/domains\/needtohear.cz\/wp-content\/uploads\/2025\/09\/nth_header_logo.png\",\"width\":600,\"height\":261,\"caption\":\"Needtohear.cz\"},\"image\":{\"@id\":\"http:\/\/needtohear.cz\/domains\/needtohear.cz\/#\/schema\/logo\/image\/\"}},{\"@type\":\"Person\",\"@id\":\"http:\/\/needtohear.cz\/domains\/needtohear.cz\/#\/schema\/person\/e00cf98e4712890497c37802795c8a42\",\"name\":\"Jan Vi\u0161\u0148\u00e1k\",\"image\":{\"@type\":\"ImageObject\",\"inLanguage\":\"cs\",\"@id\":\"http:\/\/needtohear.cz\/domains\/needtohear.cz\/#\/schema\/person\/image\/\",\"url\":\"https:\/\/secure.gravatar.com\/avatar\/a68e7b327a28596f7cef8a7d984bff7e51ae562c021fabed09591d8163e34e73?s=96&d=mm&r=g\",\"contentUrl\":\"https:\/\/secure.gravatar.com\/avatar\/a68e7b327a28596f7cef8a7d984bff7e51ae562c021fabed09591d8163e34e73?s=96&d=mm&r=g\",\"caption\":\"Jan Vi\u0161\u0148\u00e1k\"},\"url\":\"http:\/\/needtohear.cz\/domains\/needtohear.cz\/author\/jan-visnak\/\"}]}<\/script>\n<!-- \/ Yoast SEO plugin. -->","yoast_head_json":{"title":"Mlad\u00ed lad\u00ed jazz Open Air 2021 - Needtohear.cz","robots":{"index":"index","follow":"follow","max-snippet":"max-snippet:-1","max-image-preview":"max-image-preview:large","max-video-preview":"max-video-preview:-1"},"canonical":"http:\/\/needtohear.cz\/domains\/needtohear.cz\/2021\/09\/06\/mladi-ladi-jazz-open-air-2021\/","og_locale":"cs_CZ","og_type":"article","og_title":"Mlad\u00ed lad\u00ed jazz Open Air 2021 - Needtohear.cz","og_description":"Karlovo n\u00e1m\u011bst\u00ed na za\u010d\u00e1tku z\u00e1\u0159\u00ed ovl\u00e1dne jazz. V Praze 31. srpna &#8211; Festival Mlad\u00ed lad\u00ed jazz vysekne 9. z\u00e1\u0159\u00ed poctu jazzu v mnoha jeho podob\u00e1ch Open Air koncertem na pra\u017esk\u00e9m Karlov\u011b n\u00e1m\u011bst\u00ed. Zdarma p\u0159\u00edstupn\u00fd program bude nejen oslavou jazzu, ale ve\u0161ker\u00e9 hudby, kter\u00e1 m\u00e1 v sob\u011b radost, tvo\u0159ivost, energii a n\u00e1paditost. Do Prahy zam\u00ed\u0159\u00ed hv\u011bzdn\u00ed &hellip; Read more \"Mlad\u00ed lad\u00ed jazz Open Air 2021\"","og_url":"http:\/\/needtohear.cz\/domains\/needtohear.cz\/2021\/09\/06\/mladi-ladi-jazz-open-air-2021\/","og_site_name":"Needtohear.cz","article_published_time":"2021-09-06T13:15:08+00:00","article_modified_time":"2021-09-06T13:15:09+00:00","og_image":[{"width":1400,"height":934,"url":"http:\/\/needtohear.cz\/domains\/needtohear.cz\/wp-content\/uploads\/2021\/09\/MLJ_OPEN_AIR_foto_Petr_Klapper4.jpg","type":"image\/jpeg"}],"author":"Jan Vi\u0161\u0148\u00e1k","twitter_card":"summary_large_image","twitter_misc":{"Napsal(a)":"Jan Vi\u0161\u0148\u00e1k","Odhadovan\u00e1 doba \u010dten\u00ed":"3 minuty"},"schema":{"@context":"https:\/\/schema.org","@graph":[{"@type":"Article","@id":"http:\/\/needtohear.cz\/domains\/needtohear.cz\/2021\/09\/06\/mladi-ladi-jazz-open-air-2021\/#article","isPartOf":{"@id":"http:\/\/needtohear.cz\/domains\/needtohear.cz\/2021\/09\/06\/mladi-ladi-jazz-open-air-2021\/"},"author":{"name":"Jan Vi\u0161\u0148\u00e1k","@id":"http:\/\/needtohear.cz\/domains\/needtohear.cz\/#\/schema\/person\/e00cf98e4712890497c37802795c8a42"},"headline":"Mlad\u00ed lad\u00ed jazz Open Air 2021","datePublished":"2021-09-06T13:15:08+00:00","dateModified":"2021-09-06T13:15:09+00:00","mainEntityOfPage":{"@id":"http:\/\/needtohear.cz\/domains\/needtohear.cz\/2021\/09\/06\/mladi-ladi-jazz-open-air-2021\/"},"wordCount":577,"publisher":{"@id":"http:\/\/needtohear.cz\/domains\/needtohear.cz\/#organization"},"image":{"@id":"http:\/\/needtohear.cz\/domains\/needtohear.cz\/2021\/09\/06\/mladi-ladi-jazz-open-air-2021\/#primaryimage"},"thumbnailUrl":"http:\/\/needtohear.cz\/domains\/needtohear.cz\/wp-content\/uploads\/2021\/09\/MLJ_OPEN_AIR_foto_Petr_Klapper4.jpg","keywords":["Alex Gough","Cotatcha Orchestra","Kate\u0159ina Steinerov","mladi ladi jazz","Portico Quartet","SMART Communication s.r.o.","Zorba \u017de Ja Buddha"],"articleSection":["Pozv\u00e1nky"],"inLanguage":"cs"},{"@type":"WebPage","@id":"http:\/\/needtohear.cz\/domains\/needtohear.cz\/2021\/09\/06\/mladi-ladi-jazz-open-air-2021\/","url":"http:\/\/needtohear.cz\/domains\/needtohear.cz\/2021\/09\/06\/mladi-ladi-jazz-open-air-2021\/","name":"Mlad\u00ed lad\u00ed jazz Open Air 2021 - Needtohear.cz","isPartOf":{"@id":"http:\/\/needtohear.cz\/domains\/needtohear.cz\/#website"},"primaryImageOfPage":{"@id":"http:\/\/needtohear.cz\/domains\/needtohear.cz\/2021\/09\/06\/mladi-ladi-jazz-open-air-2021\/#primaryimage"},"image":{"@id":"http:\/\/needtohear.cz\/domains\/needtohear.cz\/2021\/09\/06\/mladi-ladi-jazz-open-air-2021\/#primaryimage"},"thumbnailUrl":"http:\/\/needtohear.cz\/domains\/needtohear.cz\/wp-content\/uploads\/2021\/09\/MLJ_OPEN_AIR_foto_Petr_Klapper4.jpg","datePublished":"2021-09-06T13:15:08+00:00","dateModified":"2021-09-06T13:15:09+00:00","breadcrumb":{"@id":"http:\/\/needtohear.cz\/domains\/needtohear.cz\/2021\/09\/06\/mladi-ladi-jazz-open-air-2021\/#breadcrumb"},"inLanguage":"cs","potentialAction":[{"@type":"ReadAction","target":["http:\/\/needtohear.cz\/domains\/needtohear.cz\/2021\/09\/06\/mladi-ladi-jazz-open-air-2021\/"]}]},{"@type":"ImageObject","inLanguage":"cs","@id":"http:\/\/needtohear.cz\/domains\/needtohear.cz\/2021\/09\/06\/mladi-ladi-jazz-open-air-2021\/#primaryimage","url":"http:\/\/needtohear.cz\/domains\/needtohear.cz\/wp-content\/uploads\/2021\/09\/MLJ_OPEN_AIR_foto_Petr_Klapper4.jpg","contentUrl":"http:\/\/needtohear.cz\/domains\/needtohear.cz\/wp-content\/uploads\/2021\/09\/MLJ_OPEN_AIR_foto_Petr_Klapper4.jpg","width":1400,"height":934},{"@type":"BreadcrumbList","@id":"http:\/\/needtohear.cz\/domains\/needtohear.cz\/2021\/09\/06\/mladi-ladi-jazz-open-air-2021\/#breadcrumb","itemListElement":[{"@type":"ListItem","position":1,"name":"Dom\u016f","item":"http:\/\/needtohear.cz\/domains\/needtohear.cz\/"},{"@type":"ListItem","position":2,"name":"Mlad\u00ed lad\u00ed jazz Open Air 2021"}]},{"@type":"WebSite","@id":"http:\/\/needtohear.cz\/domains\/needtohear.cz\/#website","url":"http:\/\/needtohear.cz\/domains\/needtohear.cz\/","name":"Needtohear.cz","description":"Pot\u0159ebujete sly\u0161et!","publisher":{"@id":"http:\/\/needtohear.cz\/domains\/needtohear.cz\/#organization"},"potentialAction":[{"@type":"SearchAction","target":{"@type":"EntryPoint","urlTemplate":"http:\/\/needtohear.cz\/domains\/needtohear.cz\/?s={search_term_string}"},"query-input":{"@type":"PropertyValueSpecification","valueRequired":true,"valueName":"search_term_string"}}],"inLanguage":"cs"},{"@type":"Organization","@id":"http:\/\/needtohear.cz\/domains\/needtohear.cz\/#organization","name":"Needtohear.cz","url":"http:\/\/needtohear.cz\/domains\/needtohear.cz\/","logo":{"@type":"ImageObject","inLanguage":"cs","@id":"http:\/\/needtohear.cz\/domains\/needtohear.cz\/#\/schema\/logo\/image\/","url":"http:\/\/needtohear.cz\/domains\/needtohear.cz\/wp-content\/uploads\/2025\/09\/nth_header_logo.png","contentUrl":"http:\/\/needtohear.cz\/domains\/needtohear.cz\/wp-content\/uploads\/2025\/09\/nth_header_logo.png","width":600,"height":261,"caption":"Needtohear.cz"},"image":{"@id":"http:\/\/needtohear.cz\/domains\/needtohear.cz\/#\/schema\/logo\/image\/"}},{"@type":"Person","@id":"http:\/\/needtohear.cz\/domains\/needtohear.cz\/#\/schema\/person\/e00cf98e4712890497c37802795c8a42","name":"Jan Vi\u0161\u0148\u00e1k","image":{"@type":"ImageObject","inLanguage":"cs","@id":"http:\/\/needtohear.cz\/domains\/needtohear.cz\/#\/schema\/person\/image\/","url":"https:\/\/secure.gravatar.com\/avatar\/a68e7b327a28596f7cef8a7d984bff7e51ae562c021fabed09591d8163e34e73?s=96&d=mm&r=g","contentUrl":"https:\/\/secure.gravatar.com\/avatar\/a68e7b327a28596f7cef8a7d984bff7e51ae562c021fabed09591d8163e34e73?s=96&d=mm&r=g","caption":"Jan Vi\u0161\u0148\u00e1k"},"url":"http:\/\/needtohear.cz\/domains\/needtohear.cz\/author\/jan-visnak\/"}]}},"rttpg_featured_image_url":{"full":["http:\/\/needtohear.cz\/domains\/needtohear.cz\/wp-content\/uploads\/2021\/09\/MLJ_OPEN_AIR_foto_Petr_Klapper4.jpg",1400,934,false],"landscape":["http:\/\/needtohear.cz\/domains\/needtohear.cz\/wp-content\/uploads\/2021\/09\/MLJ_OPEN_AIR_foto_Petr_Klapper4.jpg",1400,934,false],"portraits":["http:\/\/needtohear.cz\/domains\/needtohear.cz\/wp-content\/uploads\/2021\/09\/MLJ_OPEN_AIR_foto_Petr_Klapper4.jpg",1400,934,false],"thumbnail":["http:\/\/needtohear.cz\/domains\/needtohear.cz\/wp-content\/uploads\/2021\/09\/MLJ_OPEN_AIR_foto_Petr_Klapper4-100x100.jpg",100,100,true],"medium":["http:\/\/needtohear.cz\/domains\/needtohear.cz\/wp-content\/uploads\/2021\/09\/MLJ_OPEN_AIR_foto_Petr_Klapper4-300x200.jpg",300,200,true],"large":["http:\/\/needtohear.cz\/domains\/needtohear.cz\/wp-content\/uploads\/2021\/09\/MLJ_OPEN_AIR_foto_Petr_Klapper4-907x605.jpg",907,605,true],"1536x1536":["http:\/\/needtohear.cz\/domains\/needtohear.cz\/wp-content\/uploads\/2021\/09\/MLJ_OPEN_AIR_foto_Petr_Klapper4.jpg",1400,934,false],"2048x2048":["http:\/\/needtohear.cz\/domains\/needtohear.cz\/wp-content\/uploads\/2021\/09\/MLJ_OPEN_AIR_foto_Petr_Klapper4.jpg",1400,934,false],"inspiro-featured-image":["http:\/\/needtohear.cz\/domains\/needtohear.cz\/wp-content\/uploads\/2021\/09\/MLJ_OPEN_AIR_foto_Petr_Klapper4.jpg",1400,934,false],"inspiro-loop":["http:\/\/needtohear.cz\/domains\/needtohear.cz\/wp-content\/uploads\/2021\/09\/MLJ_OPEN_AIR_foto_Petr_Klapper4-950x320.jpg",950,320,true],"inspiro-loop@2x":["http:\/\/needtohear.cz\/domains\/needtohear.cz\/wp-content\/uploads\/2021\/09\/MLJ_OPEN_AIR_foto_Petr_Klapper4-1400x640.jpg",1400,640,true]},"rttpg_author":{"display_name":"Jan Vi\u0161\u0148\u00e1k","author_link":"http:\/\/needtohear.cz\/domains\/needtohear.cz\/author\/jan-visnak\/"},"rttpg_comment":0,"rttpg_category":"<a href=\"http:\/\/needtohear.cz\/domains\/needtohear.cz\/category\/pozvanky\/\" rel=\"category tag\">Pozv\u00e1nky<\/a>","rttpg_excerpt":"Karlovo n\u00e1m\u011bst\u00ed na za\u010d\u00e1tku z\u00e1\u0159\u00ed ovl\u00e1dne jazz. V Praze 31. srpna &#8211; Festival Mlad\u00ed lad\u00ed jazz vysekne 9. z\u00e1\u0159\u00ed poctu jazzu v mnoha jeho podob\u00e1ch Open Air koncertem na pra\u017esk\u00e9m Karlov\u011b n\u00e1m\u011bst\u00ed. Zdarma p\u0159\u00edstupn\u00fd program bude nejen oslavou jazzu, ale ve\u0161ker\u00e9 hudby, kter\u00e1 m\u00e1 v sob\u011b radost, tvo\u0159ivost, energii a n\u00e1paditost. Do Prahy zam\u00ed\u0159\u00ed hv\u011bzdn\u00ed&hellip;","_links":{"self":[{"href":"http:\/\/needtohear.cz\/domains\/needtohear.cz\/wp-json\/wp\/v2\/posts\/2612","targetHints":{"allow":["GET"]}}],"collection":[{"href":"http:\/\/needtohear.cz\/domains\/needtohear.cz\/wp-json\/wp\/v2\/posts"}],"about":[{"href":"http:\/\/needtohear.cz\/domains\/needtohear.cz\/wp-json\/wp\/v2\/types\/post"}],"author":[{"embeddable":true,"href":"http:\/\/needtohear.cz\/domains\/needtohear.cz\/wp-json\/wp\/v2\/users\/4"}],"replies":[{"embeddable":true,"href":"http:\/\/needtohear.cz\/domains\/needtohear.cz\/wp-json\/wp\/v2\/comments?post=2612"}],"version-history":[{"count":1,"href":"http:\/\/needtohear.cz\/domains\/needtohear.cz\/wp-json\/wp\/v2\/posts\/2612\/revisions"}],"predecessor-version":[{"id":2616,"href":"http:\/\/needtohear.cz\/domains\/needtohear.cz\/wp-json\/wp\/v2\/posts\/2612\/revisions\/2616"}],"wp:featuredmedia":[{"embeddable":true,"href":"http:\/\/needtohear.cz\/domains\/needtohear.cz\/wp-json\/wp\/v2\/media\/2613"}],"wp:attachment":[{"href":"http:\/\/needtohear.cz\/domains\/needtohear.cz\/wp-json\/wp\/v2\/media?parent=2612"}],"wp:term":[{"taxonomy":"category","embeddable":true,"href":"http:\/\/needtohear.cz\/domains\/needtohear.cz\/wp-json\/wp\/v2\/categories?post=2612"},{"taxonomy":"post_tag","embeddable":true,"href":"http:\/\/needtohear.cz\/domains\/needtohear.cz\/wp-json\/wp\/v2\/tags?post=2612"}],"curies":[{"name":"wp","href":"https:\/\/api.w.org\/{rel}","templated":true}]}}