{"id":23723,"date":"2026-08-24T12:51:37","date_gmt":"2026-08-24T10:51:37","guid":{"rendered":"https:\/\/needtohear.cz\/domains\/needtohear.cz\/?p=23723"},"modified":"2026-08-24T12:56:14","modified_gmt":"2026-08-24T10:56:14","slug":"koncert-zuzane-navarove-do-nebes-bude-znit-novou-spiralou-v-listopadu-pro-velky-zajem-hned-dvakrat","status":"publish","type":"post","link":"http:\/\/needtohear.cz\/domains\/needtohear.cz\/2026\/08\/24\/koncert-zuzane-navarove-do-nebes-bude-znit-novou-spiralou-v-listopadu-pro-velky-zajem-hned-dvakrat\/","title":{"rendered":"Koncert Zuzan\u011b Navarov\u00e9 do nebes bude zn\u00edt Novou Spir\u00e1lou v listopadu pro velk\u00fd z\u00e1jem hned dvakr\u00e1t"},"content":{"rendered":"\n<p class=\"wp-block-paragraph\"><strong>Jen p\u00e1r t\u00fddn\u016f od oznamu koncertu Zuzan\u011b Navarov\u00e9 do nebes sta\u010dilo na to, aby po\u0159adatel\u00e9 vyhodnotili obrovsk\u00fd z\u00e1jem o vstupenky a p\u0159idali druh\u00fd term\u00edn. V Nov\u00e9 Spir\u00e1le tak zazn\u00ed nesmrteln\u00e9 hity t\u00e9to v\u00fdrazn\u00e9 osobnosti v nov\u00fdch aran\u017e\u00edch hned dva dny za sebou a to v sobotu 14. a v ned\u011bli 15. listopadu v pod\u00e1n\u00ed zp\u011bva\u010dky Ivy Mare\u0161ov\u00e9, Filharmonie Hradec Kr\u00e1lov\u00e9 a skupiny RAZAM.<\/strong><\/p>\n\n\n\n<p class=\"wp-block-paragraph\"><strong>Kdy:<\/strong>\u00a014.11.2026 a 15.11.2026<br><strong>Kde:\u00a0<\/strong>Praha, Nov\u00e1 Spir\u00e1la<br><strong>Ofici\u00e1ln\u00ed ud\u00e1lost<\/strong>: <a href=\"https:\/\/www.facebook.com\/events\/1901701537183239\" target=\"_blank\" rel=\"noreferrer noopener\">https:\/\/www.facebook.com\/events\/1901701537183239<\/a>\u00a0<br><strong>Vstupenky<\/strong>: <a href=\"https:\/\/admin.goout.net\/cs\/ticketing\/sale\/598417\/settings\/hall\/\" target=\"_blank\" rel=\"noreferrer noopener\">https:\/\/admin.goout.net\/cs\/ticketing\/sale\/598417\/settings\/hall\/\u00a0<\/a><\/p>\n\n\n\n<p class=\"wp-block-paragraph\">\u201c<em>V duchu jsem si p\u0159\u00e1l, aby koncert vzbudil z\u00e1jem a mohli jsme ozn\u00e1mit dal\u0161\u00ed term\u00edn. Tohle p\u0159edstaven\u00ed si to rozhodn\u011b zaslou\u017e\u00ed, a\u0165 u\u017e z hlediska hudebn\u00ed kvality, jedine\u010dn\u00e9 vizu\u00e1ln\u00ed sc\u00e9ny s ot\u00e1\u010div\u00fdm jevi\u0161t\u011bm, tak bezpochyby d\u016fle\u017eit\u00e9ho historick\u00e9ho odkazu, kter\u00fd v sob\u011b nese,<\/em>\u201d \u0159\u00edk\u00e1 promot\u00e9r koncertu a zakladatel festivalu Rock for People Michal Thomes. Koncert navazuje na div\u00e1ky i kritikou velmi oce\u0148ovan\u00e9ho p\u0159edstaven\u00ed Klicperova divadla s n\u00e1zvem <em>A pak usnu a vstanu<\/em>.<\/p>\n\n\n\n<figure class=\"wp-block-embed is-type-video is-provider-youtube wp-block-embed-youtube wp-embed-aspect-16-9 wp-has-aspect-ratio\"><div class=\"wp-block-embed__wrapper\">\n<iframe title=\"Zuzana Navarov\u00e1 \u2013 \u010cert v\u00ed pro\u010d (official video, full HD remastered)\" width=\"950\" height=\"534\" src=\"https:\/\/www.youtube.com\/embed\/Zocx7X8tPS8?feature=oembed\" frameborder=\"0\" allow=\"accelerometer; autoplay; clipboard-write; encrypted-media; gyroscope; picture-in-picture; web-share\" referrerpolicy=\"strict-origin-when-cross-origin\" allowfullscreen><\/iframe>\n<\/div><\/figure>\n\n\n\n<p class=\"wp-block-paragraph\">Tv\u016fr\u010d\u00ed spojen\u00ed zp\u011bva\u010dky, kapely RAZAM a hradeck\u00fdch filharmonik\u016f vzniklo u p\u0159\u00edle\u017eitosti lo\u0148sk\u00e9ho v\u00fdznamn\u00e9ho jubilea 800 let Hradce Kr\u00e1lov\u00e9, rodn\u00e9ho m\u011bsta Zuzany Navarov\u00e9. Zp\u011bv dopl\u0148uje William Valeri\u00e1n. Projekt nab\u00edz\u00ed publiku nov\u00e9 subtiln\u00ed i velkolep\u00e9 aran\u017ee p\u00edsn\u00ed Zuzany Navarov\u00e9, kter\u00e9 o\u017e\u00edvaj\u00ed v origin\u00e1ln\u00edm a citliv\u00e9m pod\u00e1n\u00ed. Postaral se o n\u011b Radek Dole\u017eal. N\u00e1v\u0161t\u011bvn\u00edci se mohou t\u011b\u0161it na pr\u016f\u0159ez celou tvorbou ale nebudou chyb\u011bt nejzn\u00e1m\u011bj\u0161\u00ed skladby jako <em>And\u011blsk\u00e1, Malov\u00e1n\u00ed, N\u00e1mo\u0159nick\u00e1<\/em> nebo <em>Naruby<strong>.<\/strong><\/em> Siln\u00fd z\u00e1\u017eitek umocn\u00ed i modern\u00ed kruhov\u00e9 hledi\u0161t\u011b Nov\u00e9 Spir\u00e1ly, kde se div\u00e1k st\u00e1v\u00e1 t\u00e9m\u011b\u0159 sou\u010d\u00e1st\u00ed p\u0159edstaven\u00ed a p\u00f3dium m\u00e1 tak\u0159ka na dlani. Nov\u011b vznikl\u00fd multi\u017e\u00e1nrov\u00fd kulturn\u00ed prostor je vybaven nejmodern\u011bj\u0161\u00edmi technologiemi a s\u00e1lem s ot\u00e1\u010div\u00fdm jevi\u0161t\u011bm.<\/p>\n\n\n\n<p class=\"wp-block-paragraph\">TZ: Rock For People, RFP Concerts, Ameba production<\/p>\n","protected":false},"excerpt":{"rendered":"<p>Jen p\u00e1r t\u00fddn\u016f od oznamu koncertu Zuzan\u011b Navarov\u00e9 do nebes sta\u010dilo na to, aby po\u0159adatel\u00e9 vyhodnotili obrovsk\u00fd z\u00e1jem o vstupenky a p\u0159idali druh\u00fd term\u00edn. V Nov\u00e9 Spir\u00e1le tak zazn\u00ed nesmrteln\u00e9 hity t\u00e9to v\u00fdrazn\u00e9 osobnosti v nov\u00fdch aran\u017e\u00edch hned dva dny za sebou a to v sobotu 14. a v ned\u011bli 15. listopadu v pod\u00e1n\u00ed zp\u011bva\u010dky &hellip; <\/p>\n<p class=\"link-more\"><a href=\"http:\/\/needtohear.cz\/domains\/needtohear.cz\/2026\/08\/24\/koncert-zuzane-navarove-do-nebes-bude-znit-novou-spiralou-v-listopadu-pro-velky-zajem-hned-dvakrat\/\" class=\"more-link\">Read more<span class=\"screen-reader-text\"> &#8222;Koncert Zuzan\u011b Navarov\u00e9 do nebes bude zn\u00edt Novou Spir\u00e1lou v listopadu pro velk\u00fd z\u00e1jem hned dvakr\u00e1t&#8220;<\/span><\/a><\/p>\n","protected":false},"author":4,"featured_media":23724,"comment_status":"closed","ping_status":"closed","sticky":false,"template":"","format":"standard","meta":{"_monsterinsights_skip_tracking":false,"_monsterinsights_sitenote_active":false,"_monsterinsights_sitenote_note":"","_monsterinsights_sitenote_category":0,"ngg_post_thumbnail":0,"footnotes":""},"categories":[1117],"tags":[308,3832,2916,54,3831],"class_list":["post-23723","post","type-post","status-publish","format-standard","has-post-thumbnail","hentry","category-rozhovory","tag-ameba-production","tag-nova-spirala","tag-rfp-concerts","tag-rock-for-people","tag-zuzana-navarova"],"yoast_head":"<!-- This site is optimized with the Yoast SEO plugin v25.9 - https:\/\/yoast.com\/wordpress\/plugins\/seo\/ -->\n<title>Koncert Zuzan\u011b Navarov\u00e9 do nebes bude zn\u00edt Novou Spir\u00e1lou v listopadu pro velk\u00fd z\u00e1jem hned dvakr\u00e1t - Needtohear.cz<\/title>\n<meta name=\"description\" content=\"Jen p\u00e1r t\u00fddn\u016f od oznamu koncertu Zuzan\u011b Navarov\u00e9 do nebes sta\u010dilo na to, aby po\u0159adatel\u00e9 vyhodnotili obrovsk\u00fd z\u00e1jem o vstupenky.\" \/>\n<meta name=\"robots\" content=\"index, follow, max-snippet:-1, max-image-preview:large, max-video-preview:-1\" \/>\n<link rel=\"canonical\" href=\"http:\/\/needtohear.cz\/domains\/needtohear.cz\/2026\/08\/24\/koncert-zuzane-navarove-do-nebes-bude-znit-novou-spiralou-v-listopadu-pro-velky-zajem-hned-dvakrat\/\" \/>\n<meta property=\"og:locale\" content=\"cs_CZ\" \/>\n<meta property=\"og:type\" content=\"article\" \/>\n<meta property=\"og:title\" content=\"Koncert Zuzan\u011b Navarov\u00e9 do nebes bude zn\u00edt Novou Spir\u00e1lou v listopadu pro velk\u00fd z\u00e1jem hned dvakr\u00e1t - Needtohear.cz\" \/>\n<meta property=\"og:description\" content=\"Jen p\u00e1r t\u00fddn\u016f od oznamu koncertu Zuzan\u011b Navarov\u00e9 do nebes sta\u010dilo na to, aby po\u0159adatel\u00e9 vyhodnotili obrovsk\u00fd z\u00e1jem o vstupenky.\" \/>\n<meta property=\"og:url\" content=\"http:\/\/needtohear.cz\/domains\/needtohear.cz\/2026\/08\/24\/koncert-zuzane-navarove-do-nebes-bude-znit-novou-spiralou-v-listopadu-pro-velky-zajem-hned-dvakrat\/\" \/>\n<meta property=\"og:site_name\" content=\"Needtohear.cz\" \/>\n<meta property=\"article:published_time\" content=\"2026-08-24T10:51:37+00:00\" \/>\n<meta property=\"article:modified_time\" content=\"2026-08-24T10:56:14+00:00\" \/>\n<meta property=\"og:image\" content=\"http:\/\/needtohear.cz\/domains\/needtohear.cz\/wp-content\/uploads\/2026\/08\/zuzana_navarova_2026.jpg\" \/>\n\t<meta property=\"og:image:width\" content=\"2048\" \/>\n\t<meta property=\"og:image:height\" content=\"1072\" \/>\n\t<meta property=\"og:image:type\" content=\"image\/jpeg\" \/>\n<meta name=\"author\" content=\"Jan Vi\u0161\u0148\u00e1k\" \/>\n<meta name=\"twitter:card\" content=\"summary_large_image\" \/>\n<meta name=\"twitter:label1\" content=\"Napsal(a)\" \/>\n\t<meta name=\"twitter:data1\" content=\"Jan Vi\u0161\u0148\u00e1k\" \/>\n\t<meta name=\"twitter:label2\" content=\"Odhadovan\u00e1 doba \u010dten\u00ed\" \/>\n\t<meta name=\"twitter:data2\" content=\"2 minuty\" \/>\n<script type=\"application\/ld+json\" class=\"yoast-schema-graph\">{\"@context\":\"https:\/\/schema.org\",\"@graph\":[{\"@type\":\"Article\",\"@id\":\"http:\/\/needtohear.cz\/domains\/needtohear.cz\/2026\/08\/24\/koncert-zuzane-navarove-do-nebes-bude-znit-novou-spiralou-v-listopadu-pro-velky-zajem-hned-dvakrat\/#article\",\"isPartOf\":{\"@id\":\"http:\/\/needtohear.cz\/domains\/needtohear.cz\/2026\/08\/24\/koncert-zuzane-navarove-do-nebes-bude-znit-novou-spiralou-v-listopadu-pro-velky-zajem-hned-dvakrat\/\"},\"author\":{\"name\":\"Jan Vi\u0161\u0148\u00e1k\",\"@id\":\"http:\/\/needtohear.cz\/domains\/needtohear.cz\/#\/schema\/person\/e00cf98e4712890497c37802795c8a42\"},\"headline\":\"Koncert Zuzan\u011b Navarov\u00e9 do nebes bude zn\u00edt Novou Spir\u00e1lou v listopadu pro velk\u00fd z\u00e1jem hned dvakr\u00e1t\",\"datePublished\":\"2026-08-24T10:51:37+00:00\",\"dateModified\":\"2026-08-24T10:56:14+00:00\",\"mainEntityOfPage\":{\"@id\":\"http:\/\/needtohear.cz\/domains\/needtohear.cz\/2026\/08\/24\/koncert-zuzane-navarove-do-nebes-bude-znit-novou-spiralou-v-listopadu-pro-velky-zajem-hned-dvakrat\/\"},\"wordCount\":411,\"publisher\":{\"@id\":\"http:\/\/needtohear.cz\/domains\/needtohear.cz\/#organization\"},\"image\":{\"@id\":\"http:\/\/needtohear.cz\/domains\/needtohear.cz\/2026\/08\/24\/koncert-zuzane-navarove-do-nebes-bude-znit-novou-spiralou-v-listopadu-pro-velky-zajem-hned-dvakrat\/#primaryimage\"},\"thumbnailUrl\":\"http:\/\/needtohear.cz\/domains\/needtohear.cz\/wp-content\/uploads\/2026\/08\/zuzana_navarova_2026.jpg\",\"keywords\":[\"ameba production\",\"nova spirala\",\"rfp concerts\",\"rock for people\",\"zuzana navarova\"],\"articleSection\":[\"Rozhovory\"],\"inLanguage\":\"cs\"},{\"@type\":\"WebPage\",\"@id\":\"http:\/\/needtohear.cz\/domains\/needtohear.cz\/2026\/08\/24\/koncert-zuzane-navarove-do-nebes-bude-znit-novou-spiralou-v-listopadu-pro-velky-zajem-hned-dvakrat\/\",\"url\":\"http:\/\/needtohear.cz\/domains\/needtohear.cz\/2026\/08\/24\/koncert-zuzane-navarove-do-nebes-bude-znit-novou-spiralou-v-listopadu-pro-velky-zajem-hned-dvakrat\/\",\"name\":\"Koncert Zuzan\u011b Navarov\u00e9 do nebes bude zn\u00edt Novou Spir\u00e1lou v listopadu pro velk\u00fd z\u00e1jem hned dvakr\u00e1t - Needtohear.cz\",\"isPartOf\":{\"@id\":\"http:\/\/needtohear.cz\/domains\/needtohear.cz\/#website\"},\"primaryImageOfPage\":{\"@id\":\"http:\/\/needtohear.cz\/domains\/needtohear.cz\/2026\/08\/24\/koncert-zuzane-navarove-do-nebes-bude-znit-novou-spiralou-v-listopadu-pro-velky-zajem-hned-dvakrat\/#primaryimage\"},\"image\":{\"@id\":\"http:\/\/needtohear.cz\/domains\/needtohear.cz\/2026\/08\/24\/koncert-zuzane-navarove-do-nebes-bude-znit-novou-spiralou-v-listopadu-pro-velky-zajem-hned-dvakrat\/#primaryimage\"},\"thumbnailUrl\":\"http:\/\/needtohear.cz\/domains\/needtohear.cz\/wp-content\/uploads\/2026\/08\/zuzana_navarova_2026.jpg\",\"datePublished\":\"2026-08-24T10:51:37+00:00\",\"dateModified\":\"2026-08-24T10:56:14+00:00\",\"description\":\"Jen p\u00e1r t\u00fddn\u016f od oznamu koncertu Zuzan\u011b Navarov\u00e9 do nebes sta\u010dilo na to, aby po\u0159adatel\u00e9 vyhodnotili obrovsk\u00fd z\u00e1jem o vstupenky.\",\"breadcrumb\":{\"@id\":\"http:\/\/needtohear.cz\/domains\/needtohear.cz\/2026\/08\/24\/koncert-zuzane-navarove-do-nebes-bude-znit-novou-spiralou-v-listopadu-pro-velky-zajem-hned-dvakrat\/#breadcrumb\"},\"inLanguage\":\"cs\",\"potentialAction\":[{\"@type\":\"ReadAction\",\"target\":[\"http:\/\/needtohear.cz\/domains\/needtohear.cz\/2026\/08\/24\/koncert-zuzane-navarove-do-nebes-bude-znit-novou-spiralou-v-listopadu-pro-velky-zajem-hned-dvakrat\/\"]}]},{\"@type\":\"ImageObject\",\"inLanguage\":\"cs\",\"@id\":\"http:\/\/needtohear.cz\/domains\/needtohear.cz\/2026\/08\/24\/koncert-zuzane-navarove-do-nebes-bude-znit-novou-spiralou-v-listopadu-pro-velky-zajem-hned-dvakrat\/#primaryimage\",\"url\":\"http:\/\/needtohear.cz\/domains\/needtohear.cz\/wp-content\/uploads\/2026\/08\/zuzana_navarova_2026.jpg\",\"contentUrl\":\"http:\/\/needtohear.cz\/domains\/needtohear.cz\/wp-content\/uploads\/2026\/08\/zuzana_navarova_2026.jpg\",\"width\":2048,\"height\":1072},{\"@type\":\"BreadcrumbList\",\"@id\":\"http:\/\/needtohear.cz\/domains\/needtohear.cz\/2026\/08\/24\/koncert-zuzane-navarove-do-nebes-bude-znit-novou-spiralou-v-listopadu-pro-velky-zajem-hned-dvakrat\/#breadcrumb\",\"itemListElement\":[{\"@type\":\"ListItem\",\"position\":1,\"name\":\"Dom\u016f\",\"item\":\"http:\/\/needtohear.cz\/domains\/needtohear.cz\/\"},{\"@type\":\"ListItem\",\"position\":2,\"name\":\"Koncert Zuzan\u011b Navarov\u00e9 do nebes bude zn\u00edt Novou Spir\u00e1lou v listopadu pro velk\u00fd z\u00e1jem hned dvakr\u00e1t\"}]},{\"@type\":\"WebSite\",\"@id\":\"http:\/\/needtohear.cz\/domains\/needtohear.cz\/#website\",\"url\":\"http:\/\/needtohear.cz\/domains\/needtohear.cz\/\",\"name\":\"Needtohear.cz\",\"description\":\"Pot\u0159ebujete sly\u0161et!\",\"publisher\":{\"@id\":\"http:\/\/needtohear.cz\/domains\/needtohear.cz\/#organization\"},\"potentialAction\":[{\"@type\":\"SearchAction\",\"target\":{\"@type\":\"EntryPoint\",\"urlTemplate\":\"http:\/\/needtohear.cz\/domains\/needtohear.cz\/?s={search_term_string}\"},\"query-input\":{\"@type\":\"PropertyValueSpecification\",\"valueRequired\":true,\"valueName\":\"search_term_string\"}}],\"inLanguage\":\"cs\"},{\"@type\":\"Organization\",\"@id\":\"http:\/\/needtohear.cz\/domains\/needtohear.cz\/#organization\",\"name\":\"Needtohear.cz\",\"url\":\"http:\/\/needtohear.cz\/domains\/needtohear.cz\/\",\"logo\":{\"@type\":\"ImageObject\",\"inLanguage\":\"cs\",\"@id\":\"http:\/\/needtohear.cz\/domains\/needtohear.cz\/#\/schema\/logo\/image\/\",\"url\":\"http:\/\/needtohear.cz\/domains\/needtohear.cz\/wp-content\/uploads\/2025\/09\/nth_header_logo.png\",\"contentUrl\":\"http:\/\/needtohear.cz\/domains\/needtohear.cz\/wp-content\/uploads\/2025\/09\/nth_header_logo.png\",\"width\":600,\"height\":261,\"caption\":\"Needtohear.cz\"},\"image\":{\"@id\":\"http:\/\/needtohear.cz\/domains\/needtohear.cz\/#\/schema\/logo\/image\/\"}},{\"@type\":\"Person\",\"@id\":\"http:\/\/needtohear.cz\/domains\/needtohear.cz\/#\/schema\/person\/e00cf98e4712890497c37802795c8a42\",\"name\":\"Jan Vi\u0161\u0148\u00e1k\",\"image\":{\"@type\":\"ImageObject\",\"inLanguage\":\"cs\",\"@id\":\"http:\/\/needtohear.cz\/domains\/needtohear.cz\/#\/schema\/person\/image\/\",\"url\":\"https:\/\/secure.gravatar.com\/avatar\/a68e7b327a28596f7cef8a7d984bff7e51ae562c021fabed09591d8163e34e73?s=96&d=mm&r=g\",\"contentUrl\":\"https:\/\/secure.gravatar.com\/avatar\/a68e7b327a28596f7cef8a7d984bff7e51ae562c021fabed09591d8163e34e73?s=96&d=mm&r=g\",\"caption\":\"Jan Vi\u0161\u0148\u00e1k\"},\"url\":\"http:\/\/needtohear.cz\/domains\/needtohear.cz\/author\/jan-visnak\/\"}]}<\/script>\n<!-- \/ Yoast SEO plugin. -->","yoast_head_json":{"title":"Koncert Zuzan\u011b Navarov\u00e9 do nebes bude zn\u00edt Novou Spir\u00e1lou v listopadu pro velk\u00fd z\u00e1jem hned dvakr\u00e1t - Needtohear.cz","description":"Jen p\u00e1r t\u00fddn\u016f od oznamu koncertu Zuzan\u011b Navarov\u00e9 do nebes sta\u010dilo na to, aby po\u0159adatel\u00e9 vyhodnotili obrovsk\u00fd z\u00e1jem o vstupenky.","robots":{"index":"index","follow":"follow","max-snippet":"max-snippet:-1","max-image-preview":"max-image-preview:large","max-video-preview":"max-video-preview:-1"},"canonical":"http:\/\/needtohear.cz\/domains\/needtohear.cz\/2026\/08\/24\/koncert-zuzane-navarove-do-nebes-bude-znit-novou-spiralou-v-listopadu-pro-velky-zajem-hned-dvakrat\/","og_locale":"cs_CZ","og_type":"article","og_title":"Koncert Zuzan\u011b Navarov\u00e9 do nebes bude zn\u00edt Novou Spir\u00e1lou v listopadu pro velk\u00fd z\u00e1jem hned dvakr\u00e1t - Needtohear.cz","og_description":"Jen p\u00e1r t\u00fddn\u016f od oznamu koncertu Zuzan\u011b Navarov\u00e9 do nebes sta\u010dilo na to, aby po\u0159adatel\u00e9 vyhodnotili obrovsk\u00fd z\u00e1jem o vstupenky.","og_url":"http:\/\/needtohear.cz\/domains\/needtohear.cz\/2026\/08\/24\/koncert-zuzane-navarove-do-nebes-bude-znit-novou-spiralou-v-listopadu-pro-velky-zajem-hned-dvakrat\/","og_site_name":"Needtohear.cz","article_published_time":"2026-08-24T10:51:37+00:00","article_modified_time":"2026-08-24T10:56:14+00:00","og_image":[{"width":2048,"height":1072,"url":"http:\/\/needtohear.cz\/domains\/needtohear.cz\/wp-content\/uploads\/2026\/08\/zuzana_navarova_2026.jpg","type":"image\/jpeg"}],"author":"Jan Vi\u0161\u0148\u00e1k","twitter_card":"summary_large_image","twitter_misc":{"Napsal(a)":"Jan Vi\u0161\u0148\u00e1k","Odhadovan\u00e1 doba \u010dten\u00ed":"2 minuty"},"schema":{"@context":"https:\/\/schema.org","@graph":[{"@type":"Article","@id":"http:\/\/needtohear.cz\/domains\/needtohear.cz\/2026\/08\/24\/koncert-zuzane-navarove-do-nebes-bude-znit-novou-spiralou-v-listopadu-pro-velky-zajem-hned-dvakrat\/#article","isPartOf":{"@id":"http:\/\/needtohear.cz\/domains\/needtohear.cz\/2026\/08\/24\/koncert-zuzane-navarove-do-nebes-bude-znit-novou-spiralou-v-listopadu-pro-velky-zajem-hned-dvakrat\/"},"author":{"name":"Jan Vi\u0161\u0148\u00e1k","@id":"http:\/\/needtohear.cz\/domains\/needtohear.cz\/#\/schema\/person\/e00cf98e4712890497c37802795c8a42"},"headline":"Koncert Zuzan\u011b Navarov\u00e9 do nebes bude zn\u00edt Novou Spir\u00e1lou v listopadu pro velk\u00fd z\u00e1jem hned dvakr\u00e1t","datePublished":"2026-08-24T10:51:37+00:00","dateModified":"2026-08-24T10:56:14+00:00","mainEntityOfPage":{"@id":"http:\/\/needtohear.cz\/domains\/needtohear.cz\/2026\/08\/24\/koncert-zuzane-navarove-do-nebes-bude-znit-novou-spiralou-v-listopadu-pro-velky-zajem-hned-dvakrat\/"},"wordCount":411,"publisher":{"@id":"http:\/\/needtohear.cz\/domains\/needtohear.cz\/#organization"},"image":{"@id":"http:\/\/needtohear.cz\/domains\/needtohear.cz\/2026\/08\/24\/koncert-zuzane-navarove-do-nebes-bude-znit-novou-spiralou-v-listopadu-pro-velky-zajem-hned-dvakrat\/#primaryimage"},"thumbnailUrl":"http:\/\/needtohear.cz\/domains\/needtohear.cz\/wp-content\/uploads\/2026\/08\/zuzana_navarova_2026.jpg","keywords":["ameba production","nova spirala","rfp concerts","rock for people","zuzana navarova"],"articleSection":["Rozhovory"],"inLanguage":"cs"},{"@type":"WebPage","@id":"http:\/\/needtohear.cz\/domains\/needtohear.cz\/2026\/08\/24\/koncert-zuzane-navarove-do-nebes-bude-znit-novou-spiralou-v-listopadu-pro-velky-zajem-hned-dvakrat\/","url":"http:\/\/needtohear.cz\/domains\/needtohear.cz\/2026\/08\/24\/koncert-zuzane-navarove-do-nebes-bude-znit-novou-spiralou-v-listopadu-pro-velky-zajem-hned-dvakrat\/","name":"Koncert Zuzan\u011b Navarov\u00e9 do nebes bude zn\u00edt Novou Spir\u00e1lou v listopadu pro velk\u00fd z\u00e1jem hned dvakr\u00e1t - Needtohear.cz","isPartOf":{"@id":"http:\/\/needtohear.cz\/domains\/needtohear.cz\/#website"},"primaryImageOfPage":{"@id":"http:\/\/needtohear.cz\/domains\/needtohear.cz\/2026\/08\/24\/koncert-zuzane-navarove-do-nebes-bude-znit-novou-spiralou-v-listopadu-pro-velky-zajem-hned-dvakrat\/#primaryimage"},"image":{"@id":"http:\/\/needtohear.cz\/domains\/needtohear.cz\/2026\/08\/24\/koncert-zuzane-navarove-do-nebes-bude-znit-novou-spiralou-v-listopadu-pro-velky-zajem-hned-dvakrat\/#primaryimage"},"thumbnailUrl":"http:\/\/needtohear.cz\/domains\/needtohear.cz\/wp-content\/uploads\/2026\/08\/zuzana_navarova_2026.jpg","datePublished":"2026-08-24T10:51:37+00:00","dateModified":"2026-08-24T10:56:14+00:00","description":"Jen p\u00e1r t\u00fddn\u016f od oznamu koncertu Zuzan\u011b Navarov\u00e9 do nebes sta\u010dilo na to, aby po\u0159adatel\u00e9 vyhodnotili obrovsk\u00fd z\u00e1jem o vstupenky.","breadcrumb":{"@id":"http:\/\/needtohear.cz\/domains\/needtohear.cz\/2026\/08\/24\/koncert-zuzane-navarove-do-nebes-bude-znit-novou-spiralou-v-listopadu-pro-velky-zajem-hned-dvakrat\/#breadcrumb"},"inLanguage":"cs","potentialAction":[{"@type":"ReadAction","target":["http:\/\/needtohear.cz\/domains\/needtohear.cz\/2026\/08\/24\/koncert-zuzane-navarove-do-nebes-bude-znit-novou-spiralou-v-listopadu-pro-velky-zajem-hned-dvakrat\/"]}]},{"@type":"ImageObject","inLanguage":"cs","@id":"http:\/\/needtohear.cz\/domains\/needtohear.cz\/2026\/08\/24\/koncert-zuzane-navarove-do-nebes-bude-znit-novou-spiralou-v-listopadu-pro-velky-zajem-hned-dvakrat\/#primaryimage","url":"http:\/\/needtohear.cz\/domains\/needtohear.cz\/wp-content\/uploads\/2026\/08\/zuzana_navarova_2026.jpg","contentUrl":"http:\/\/needtohear.cz\/domains\/needtohear.cz\/wp-content\/uploads\/2026\/08\/zuzana_navarova_2026.jpg","width":2048,"height":1072},{"@type":"BreadcrumbList","@id":"http:\/\/needtohear.cz\/domains\/needtohear.cz\/2026\/08\/24\/koncert-zuzane-navarove-do-nebes-bude-znit-novou-spiralou-v-listopadu-pro-velky-zajem-hned-dvakrat\/#breadcrumb","itemListElement":[{"@type":"ListItem","position":1,"name":"Dom\u016f","item":"http:\/\/needtohear.cz\/domains\/needtohear.cz\/"},{"@type":"ListItem","position":2,"name":"Koncert Zuzan\u011b Navarov\u00e9 do nebes bude zn\u00edt Novou Spir\u00e1lou v listopadu pro velk\u00fd z\u00e1jem hned dvakr\u00e1t"}]},{"@type":"WebSite","@id":"http:\/\/needtohear.cz\/domains\/needtohear.cz\/#website","url":"http:\/\/needtohear.cz\/domains\/needtohear.cz\/","name":"Needtohear.cz","description":"Pot\u0159ebujete sly\u0161et!","publisher":{"@id":"http:\/\/needtohear.cz\/domains\/needtohear.cz\/#organization"},"potentialAction":[{"@type":"SearchAction","target":{"@type":"EntryPoint","urlTemplate":"http:\/\/needtohear.cz\/domains\/needtohear.cz\/?s={search_term_string}"},"query-input":{"@type":"PropertyValueSpecification","valueRequired":true,"valueName":"search_term_string"}}],"inLanguage":"cs"},{"@type":"Organization","@id":"http:\/\/needtohear.cz\/domains\/needtohear.cz\/#organization","name":"Needtohear.cz","url":"http:\/\/needtohear.cz\/domains\/needtohear.cz\/","logo":{"@type":"ImageObject","inLanguage":"cs","@id":"http:\/\/needtohear.cz\/domains\/needtohear.cz\/#\/schema\/logo\/image\/","url":"http:\/\/needtohear.cz\/domains\/needtohear.cz\/wp-content\/uploads\/2025\/09\/nth_header_logo.png","contentUrl":"http:\/\/needtohear.cz\/domains\/needtohear.cz\/wp-content\/uploads\/2025\/09\/nth_header_logo.png","width":600,"height":261,"caption":"Needtohear.cz"},"image":{"@id":"http:\/\/needtohear.cz\/domains\/needtohear.cz\/#\/schema\/logo\/image\/"}},{"@type":"Person","@id":"http:\/\/needtohear.cz\/domains\/needtohear.cz\/#\/schema\/person\/e00cf98e4712890497c37802795c8a42","name":"Jan Vi\u0161\u0148\u00e1k","image":{"@type":"ImageObject","inLanguage":"cs","@id":"http:\/\/needtohear.cz\/domains\/needtohear.cz\/#\/schema\/person\/image\/","url":"https:\/\/secure.gravatar.com\/avatar\/a68e7b327a28596f7cef8a7d984bff7e51ae562c021fabed09591d8163e34e73?s=96&d=mm&r=g","contentUrl":"https:\/\/secure.gravatar.com\/avatar\/a68e7b327a28596f7cef8a7d984bff7e51ae562c021fabed09591d8163e34e73?s=96&d=mm&r=g","caption":"Jan Vi\u0161\u0148\u00e1k"},"url":"http:\/\/needtohear.cz\/domains\/needtohear.cz\/author\/jan-visnak\/"}]}},"rttpg_featured_image_url":{"full":["http:\/\/needtohear.cz\/domains\/needtohear.cz\/wp-content\/uploads\/2026\/08\/zuzana_navarova_2026.jpg",2048,1072,false],"landscape":["http:\/\/needtohear.cz\/domains\/needtohear.cz\/wp-content\/uploads\/2026\/08\/zuzana_navarova_2026.jpg",2048,1072,false],"portraits":["http:\/\/needtohear.cz\/domains\/needtohear.cz\/wp-content\/uploads\/2026\/08\/zuzana_navarova_2026.jpg",2048,1072,false],"thumbnail":["http:\/\/needtohear.cz\/domains\/needtohear.cz\/wp-content\/uploads\/2026\/08\/zuzana_navarova_2026-100x100.jpg",100,100,true],"medium":["http:\/\/needtohear.cz\/domains\/needtohear.cz\/wp-content\/uploads\/2026\/08\/zuzana_navarova_2026-300x157.jpg",300,157,true],"large":["http:\/\/needtohear.cz\/domains\/needtohear.cz\/wp-content\/uploads\/2026\/08\/zuzana_navarova_2026-907x475.jpg",907,475,true],"1536x1536":["http:\/\/needtohear.cz\/domains\/needtohear.cz\/wp-content\/uploads\/2026\/08\/zuzana_navarova_2026-1536x804.jpg",1536,804,true],"2048x2048":["http:\/\/needtohear.cz\/domains\/needtohear.cz\/wp-content\/uploads\/2026\/08\/zuzana_navarova_2026.jpg",2048,1072,false],"inspiro-featured-image":["http:\/\/needtohear.cz\/domains\/needtohear.cz\/wp-content\/uploads\/2026\/08\/zuzana_navarova_2026-2000x1047.jpg",2000,1047,true],"inspiro-loop":["http:\/\/needtohear.cz\/domains\/needtohear.cz\/wp-content\/uploads\/2026\/08\/zuzana_navarova_2026-950x320.jpg",950,320,true],"inspiro-loop@2x":["http:\/\/needtohear.cz\/domains\/needtohear.cz\/wp-content\/uploads\/2026\/08\/zuzana_navarova_2026-1900x640.jpg",1900,640,true]},"rttpg_author":{"display_name":"Jan Vi\u0161\u0148\u00e1k","author_link":"http:\/\/needtohear.cz\/domains\/needtohear.cz\/author\/jan-visnak\/"},"rttpg_comment":0,"rttpg_category":"<a href=\"http:\/\/needtohear.cz\/domains\/needtohear.cz\/category\/rozhovory\/\" rel=\"category tag\">Rozhovory<\/a>","rttpg_excerpt":"Jen p\u00e1r t\u00fddn\u016f od oznamu koncertu Zuzan\u011b Navarov\u00e9 do nebes sta\u010dilo na to, aby po\u0159adatel\u00e9 vyhodnotili obrovsk\u00fd z\u00e1jem o vstupenky a p\u0159idali druh\u00fd term\u00edn. V Nov\u00e9 Spir\u00e1le tak zazn\u00ed nesmrteln\u00e9 hity t\u00e9to v\u00fdrazn\u00e9 osobnosti v nov\u00fdch aran\u017e\u00edch hned dva dny za sebou a to v sobotu 14. a v ned\u011bli 15. listopadu v pod\u00e1n\u00ed zp\u011bva\u010dky&hellip;","_links":{"self":[{"href":"http:\/\/needtohear.cz\/domains\/needtohear.cz\/wp-json\/wp\/v2\/posts\/23723","targetHints":{"allow":["GET"]}}],"collection":[{"href":"http:\/\/needtohear.cz\/domains\/needtohear.cz\/wp-json\/wp\/v2\/posts"}],"about":[{"href":"http:\/\/needtohear.cz\/domains\/needtohear.cz\/wp-json\/wp\/v2\/types\/post"}],"author":[{"embeddable":true,"href":"http:\/\/needtohear.cz\/domains\/needtohear.cz\/wp-json\/wp\/v2\/users\/4"}],"replies":[{"embeddable":true,"href":"http:\/\/needtohear.cz\/domains\/needtohear.cz\/wp-json\/wp\/v2\/comments?post=23723"}],"version-history":[{"count":2,"href":"http:\/\/needtohear.cz\/domains\/needtohear.cz\/wp-json\/wp\/v2\/posts\/23723\/revisions"}],"predecessor-version":[{"id":23726,"href":"http:\/\/needtohear.cz\/domains\/needtohear.cz\/wp-json\/wp\/v2\/posts\/23723\/revisions\/23726"}],"wp:featuredmedia":[{"embeddable":true,"href":"http:\/\/needtohear.cz\/domains\/needtohear.cz\/wp-json\/wp\/v2\/media\/23724"}],"wp:attachment":[{"href":"http:\/\/needtohear.cz\/domains\/needtohear.cz\/wp-json\/wp\/v2\/media?parent=23723"}],"wp:term":[{"taxonomy":"category","embeddable":true,"href":"http:\/\/needtohear.cz\/domains\/needtohear.cz\/wp-json\/wp\/v2\/categories?post=23723"},{"taxonomy":"post_tag","embeddable":true,"href":"http:\/\/needtohear.cz\/domains\/needtohear.cz\/wp-json\/wp\/v2\/tags?post=23723"}],"curies":[{"name":"wp","href":"https:\/\/api.w.org\/{rel}","templated":true}]}}