{"id":1703,"date":"2020-08-18T08:41:00","date_gmt":"2020-08-18T06:41:00","guid":{"rendered":"http:\/\/needtohear.cz\/domains\/needtohear.cz\/?p=1703"},"modified":"2020-08-18T14:58:09","modified_gmt":"2020-08-18T12:58:09","slug":"nova-twins-v-dubnu-v-cr","status":"publish","type":"post","link":"http:\/\/needtohear.cz\/domains\/needtohear.cz\/2020\/08\/18\/nova-twins-v-dubnu-v-cr\/","title":{"rendered":"Nova Twins v dubnu v \u010cR!"},"content":{"rendered":"\n<p><strong>Kdy: <\/strong>12.04.2021<br><strong>Kde:<\/strong> Caf\u00e9 v Lese, Praha<br><strong>Ud\u00e1lost:<\/strong> <a href=\"https:\/\/www.facebook.com\/events\/576518973085341\">https:\/\/www.facebook.com\/events\/576518973085341<\/a><\/p>\n\n\n\n<p>Mezi fanou\u0161ky t\u00e9hle lond\u00fdnsk\u00e9 dvojky se \u0159ad\u00ed Iggy Pop i Tom Morello, po\u010detnou fanou\u0161kovskou z\u00e1kladnu maj\u00ed tak\u00e9 v \u010cesk\u00e9 republice. Nova Twins se vrac\u00ed po \u00fasp\u011b\u0161n\u00fdch koncertech na festivalu <strong>Rock for People<\/strong> roku 2018 a 2019.<\/p>\n\n\n\n<figure class=\"wp-block-embed-youtube aligncenter wp-block-embed is-type-video is-provider-youtube wp-embed-aspect-16-9 wp-has-aspect-ratio\"><div class=\"wp-block-embed__wrapper\">\n<iframe title=\"Nova Twins - Vortex (Official Music Video)\" width=\"950\" height=\"534\" src=\"https:\/\/www.youtube.com\/embed\/BsJI_b2PTQY?feature=oembed\" frameborder=\"0\" allow=\"accelerometer; autoplay; clipboard-write; encrypted-media; gyroscope; picture-in-picture; web-share\" referrerpolicy=\"strict-origin-when-cross-origin\" allowfullscreen><\/iframe>\n<\/div><\/figure>\n\n\n\n<p>Siln\u00e1 basov\u00e1 kytara Georgii South a ostr\u00e9 vok\u00e1ly Amy Love jsou hnac\u00ed silou Nova Twins. Dvojice, odm\u00edtaj\u00edc\u00ed se p\u0159izp\u016fsobit jak\u00e9koliv \u0161katulce, m\u00eds\u00ed heavy music, grime, punk a rock, inspiraci \u010derpaj\u00ed ze v\u0161emo\u017en\u00fdch zdroj\u016f od N.E.R.D., The Prodigy, Missy Elliott, Princess Nokia nebo Rage Against The Machine. Georgia a Amy, dve nejlep\u0161\u00ed kamar\u00e1dky, si z\u00edsk\u00e1vaj\u00ed fanou\u0161ky energick\u00fdmi koncerty i nevy\u010derpatelnou kreativitou.<\/p>\n\n\n\n<p>Tu vkl\u00e1daj\u00ed nejen do muziky, ale tak\u00e9 m\u00f3dn\u00edho n\u00e1vrh\u00e1\u0159stv\u00ed, focen\u00ed, sv\u00fdch videoklip\u016f a cel\u00e9 p\u00f3diov\u00e9 prezentace. Sv\u00e9 ka\u017edodenn\u00ed zku\u0161enosti prom\u011b\u0148uj\u00ed ve vlastn\u00ed rozmanit\u00fd sv\u011bt, kde mohou fanou\u0161ci popustit uzdu emoc\u00edm.<\/p>\n\n\n\n<figure class=\"wp-block-embed-youtube aligncenter wp-block-embed is-type-video is-provider-youtube wp-embed-aspect-16-9 wp-has-aspect-ratio\"><div class=\"wp-block-embed__wrapper\">\n<iframe title=\"Nova Twins - Taxi (Official Music Video)\" width=\"950\" height=\"534\" src=\"https:\/\/www.youtube.com\/embed\/f3wehXImS50?feature=oembed\" frameborder=\"0\" allow=\"accelerometer; autoplay; clipboard-write; encrypted-media; gyroscope; picture-in-picture; web-share\" referrerpolicy=\"strict-origin-when-cross-origin\" allowfullscreen><\/iframe>\n<\/div><\/figure>\n\n\n\n<p>\u201eNe\u0159ad\u00edme se do rocku ani grime. Je 21. stolet\u00ed, v\u0161e se prom\u011b\u0148uje a m\u00eds\u00ed. Holky, co poslouchaj\u00ed pop, chod\u00ed v roztrhan\u00fdch d\u017e\u00edn\u00e1ch. A my jsme kapelou t\u00e9to \u00e9ry,\u201d \u0159ekly pro magaz\u00edn NME.<\/p>\n\n\n\n<p><strong>Nova Twins vydaly 28.02.2020 svoj\u00ed chystanou desku &#8222;Who Are The Girls&#8220;<\/strong>.<\/p>\n\n\n\n<p>Jako support koncertu byla zvolena kapela <strong>The Atavists, <\/strong>kter\u00e1 z\u00edskala dvakr\u00e1t cenu And\u011bla! Nav\u00edc byla tato kapela potvrzena na <strong>Rock For People 2021!<\/strong><\/p>\n\n\n\n<figure class=\"wp-block-embed-youtube aligncenter wp-block-embed is-type-video is-provider-youtube wp-embed-aspect-16-9 wp-has-aspect-ratio\"><div class=\"wp-block-embed__wrapper\">\n<iframe title=\"THE ATAVISTS - WRONG (OFFICIAL VIDEO)\" width=\"950\" height=\"534\" src=\"https:\/\/www.youtube.com\/embed\/3d5vHlfbZvM?feature=oembed\" frameborder=\"0\" allow=\"accelerometer; autoplay; clipboard-write; encrypted-media; gyroscope; picture-in-picture; web-share\" referrerpolicy=\"strict-origin-when-cross-origin\" allowfullscreen><\/iframe>\n<\/div><\/figure>\n\n\n\n<p>Zdroj: TZ Rock For People Concert<\/p>\n","protected":false},"excerpt":{"rendered":"<p>Kdy: 12.04.2021Kde: Caf\u00e9 v Lese, PrahaUd\u00e1lost: https:\/\/www.facebook.com\/events\/576518973085341 Mezi fanou\u0161ky t\u00e9hle lond\u00fdnsk\u00e9 dvojky se \u0159ad\u00ed Iggy Pop i Tom Morello, po\u010detnou fanou\u0161kovskou z\u00e1kladnu maj\u00ed tak\u00e9 v \u010cesk\u00e9 republice. Nova Twins se vrac\u00ed po \u00fasp\u011b\u0161n\u00fdch koncertech na festivalu Rock for People roku 2018 a 2019. Siln\u00e1 basov\u00e1 kytara Georgii South a ostr\u00e9 vok\u00e1ly Amy Love jsou hnac\u00ed &hellip; <\/p>\n<p class=\"link-more\"><a href=\"http:\/\/needtohear.cz\/domains\/needtohear.cz\/2020\/08\/18\/nova-twins-v-dubnu-v-cr\/\" class=\"more-link\">Read more<span class=\"screen-reader-text\"> &#8222;Nova Twins v dubnu v \u010cR!&#8220;<\/span><\/a><\/p>\n","protected":false},"author":4,"featured_media":0,"comment_status":"closed","ping_status":"closed","sticky":false,"template":"","format":"standard","meta":{"_monsterinsights_skip_tracking":false,"_monsterinsights_sitenote_active":false,"_monsterinsights_sitenote_note":"","_monsterinsights_sitenote_category":0,"footnotes":""},"categories":[32],"tags":[394,392,54,233,393],"class_list":["post-1703","post","type-post","status-publish","format-standard","hentry","category-pozvanky","tag-cafe-v-lese","tag-nova-twins","tag-rock-for-people","tag-rock-for-people-concerts","tag-the-atavists"],"yoast_head":"<!-- This site is optimized with the Yoast SEO plugin v25.9 - https:\/\/yoast.com\/wordpress\/plugins\/seo\/ -->\n<title>Nova Twins v dubnu v \u010cR! - Needtohear.cz<\/title>\n<meta name=\"robots\" content=\"index, follow, max-snippet:-1, max-image-preview:large, max-video-preview:-1\" \/>\n<link rel=\"canonical\" href=\"http:\/\/needtohear.cz\/domains\/needtohear.cz\/2020\/08\/18\/nova-twins-v-dubnu-v-cr\/\" \/>\n<meta property=\"og:locale\" content=\"cs_CZ\" \/>\n<meta property=\"og:type\" content=\"article\" \/>\n<meta property=\"og:title\" content=\"Nova Twins v dubnu v \u010cR! - Needtohear.cz\" \/>\n<meta property=\"og:description\" content=\"Kdy: 12.04.2021Kde: Caf\u00e9 v Lese, PrahaUd\u00e1lost: https:\/\/www.facebook.com\/events\/576518973085341 Mezi fanou\u0161ky t\u00e9hle lond\u00fdnsk\u00e9 dvojky se \u0159ad\u00ed Iggy Pop i Tom Morello, po\u010detnou fanou\u0161kovskou z\u00e1kladnu maj\u00ed tak\u00e9 v \u010cesk\u00e9 republice. Nova Twins se vrac\u00ed po \u00fasp\u011b\u0161n\u00fdch koncertech na festivalu Rock for People roku 2018 a 2019. Siln\u00e1 basov\u00e1 kytara Georgii South a ostr\u00e9 vok\u00e1ly Amy Love jsou hnac\u00ed &hellip; Read more &quot;Nova Twins v dubnu v \u010cR!&quot;\" \/>\n<meta property=\"og:url\" content=\"http:\/\/needtohear.cz\/domains\/needtohear.cz\/2020\/08\/18\/nova-twins-v-dubnu-v-cr\/\" \/>\n<meta property=\"og:site_name\" content=\"Needtohear.cz\" \/>\n<meta property=\"article:published_time\" content=\"2020-08-18T06:41:00+00:00\" \/>\n<meta property=\"article:modified_time\" content=\"2020-08-18T12:58:09+00:00\" \/>\n<meta name=\"author\" content=\"Jan Vi\u0161\u0148\u00e1k\" \/>\n<meta name=\"twitter:card\" content=\"summary_large_image\" \/>\n<meta name=\"twitter:label1\" content=\"Napsal(a)\" \/>\n\t<meta name=\"twitter:data1\" content=\"Jan Vi\u0161\u0148\u00e1k\" \/>\n\t<meta name=\"twitter:label2\" content=\"Odhadovan\u00e1 doba \u010dten\u00ed\" \/>\n\t<meta name=\"twitter:data2\" content=\"1 minuta\" \/>\n<script type=\"application\/ld+json\" class=\"yoast-schema-graph\">{\"@context\":\"https:\/\/schema.org\",\"@graph\":[{\"@type\":\"Article\",\"@id\":\"http:\/\/needtohear.cz\/domains\/needtohear.cz\/2020\/08\/18\/nova-twins-v-dubnu-v-cr\/#article\",\"isPartOf\":{\"@id\":\"http:\/\/needtohear.cz\/domains\/needtohear.cz\/2020\/08\/18\/nova-twins-v-dubnu-v-cr\/\"},\"author\":{\"name\":\"Jan Vi\u0161\u0148\u00e1k\",\"@id\":\"http:\/\/needtohear.cz\/domains\/needtohear.cz\/#\/schema\/person\/e00cf98e4712890497c37802795c8a42\"},\"headline\":\"Nova Twins v dubnu v \u010cR!\",\"datePublished\":\"2020-08-18T06:41:00+00:00\",\"dateModified\":\"2020-08-18T12:58:09+00:00\",\"mainEntityOfPage\":{\"@id\":\"http:\/\/needtohear.cz\/domains\/needtohear.cz\/2020\/08\/18\/nova-twins-v-dubnu-v-cr\/\"},\"wordCount\":291,\"publisher\":{\"@id\":\"http:\/\/needtohear.cz\/domains\/needtohear.cz\/#organization\"},\"keywords\":[\"caf\u00e9 v lese\",\"nova twins\",\"rock for people\",\"rock for people concerts\",\"the atavists\"],\"articleSection\":[\"Pozv\u00e1nky\"],\"inLanguage\":\"cs\"},{\"@type\":\"WebPage\",\"@id\":\"http:\/\/needtohear.cz\/domains\/needtohear.cz\/2020\/08\/18\/nova-twins-v-dubnu-v-cr\/\",\"url\":\"http:\/\/needtohear.cz\/domains\/needtohear.cz\/2020\/08\/18\/nova-twins-v-dubnu-v-cr\/\",\"name\":\"Nova Twins v dubnu v \u010cR! - Needtohear.cz\",\"isPartOf\":{\"@id\":\"http:\/\/needtohear.cz\/domains\/needtohear.cz\/#website\"},\"datePublished\":\"2020-08-18T06:41:00+00:00\",\"dateModified\":\"2020-08-18T12:58:09+00:00\",\"breadcrumb\":{\"@id\":\"http:\/\/needtohear.cz\/domains\/needtohear.cz\/2020\/08\/18\/nova-twins-v-dubnu-v-cr\/#breadcrumb\"},\"inLanguage\":\"cs\",\"potentialAction\":[{\"@type\":\"ReadAction\",\"target\":[\"http:\/\/needtohear.cz\/domains\/needtohear.cz\/2020\/08\/18\/nova-twins-v-dubnu-v-cr\/\"]}]},{\"@type\":\"BreadcrumbList\",\"@id\":\"http:\/\/needtohear.cz\/domains\/needtohear.cz\/2020\/08\/18\/nova-twins-v-dubnu-v-cr\/#breadcrumb\",\"itemListElement\":[{\"@type\":\"ListItem\",\"position\":1,\"name\":\"Dom\u016f\",\"item\":\"http:\/\/needtohear.cz\/domains\/needtohear.cz\/\"},{\"@type\":\"ListItem\",\"position\":2,\"name\":\"Nova Twins v dubnu v \u010cR!\"}]},{\"@type\":\"WebSite\",\"@id\":\"http:\/\/needtohear.cz\/domains\/needtohear.cz\/#website\",\"url\":\"http:\/\/needtohear.cz\/domains\/needtohear.cz\/\",\"name\":\"Needtohear.cz\",\"description\":\"Pot\u0159ebujete sly\u0161et!\",\"publisher\":{\"@id\":\"http:\/\/needtohear.cz\/domains\/needtohear.cz\/#organization\"},\"potentialAction\":[{\"@type\":\"SearchAction\",\"target\":{\"@type\":\"EntryPoint\",\"urlTemplate\":\"http:\/\/needtohear.cz\/domains\/needtohear.cz\/?s={search_term_string}\"},\"query-input\":{\"@type\":\"PropertyValueSpecification\",\"valueRequired\":true,\"valueName\":\"search_term_string\"}}],\"inLanguage\":\"cs\"},{\"@type\":\"Organization\",\"@id\":\"http:\/\/needtohear.cz\/domains\/needtohear.cz\/#organization\",\"name\":\"Needtohear.cz\",\"url\":\"http:\/\/needtohear.cz\/domains\/needtohear.cz\/\",\"logo\":{\"@type\":\"ImageObject\",\"inLanguage\":\"cs\",\"@id\":\"http:\/\/needtohear.cz\/domains\/needtohear.cz\/#\/schema\/logo\/image\/\",\"url\":\"http:\/\/needtohear.cz\/domains\/needtohear.cz\/wp-content\/uploads\/2025\/09\/nth_header_logo.png\",\"contentUrl\":\"http:\/\/needtohear.cz\/domains\/needtohear.cz\/wp-content\/uploads\/2025\/09\/nth_header_logo.png\",\"width\":600,\"height\":261,\"caption\":\"Needtohear.cz\"},\"image\":{\"@id\":\"http:\/\/needtohear.cz\/domains\/needtohear.cz\/#\/schema\/logo\/image\/\"}},{\"@type\":\"Person\",\"@id\":\"http:\/\/needtohear.cz\/domains\/needtohear.cz\/#\/schema\/person\/e00cf98e4712890497c37802795c8a42\",\"name\":\"Jan Vi\u0161\u0148\u00e1k\",\"image\":{\"@type\":\"ImageObject\",\"inLanguage\":\"cs\",\"@id\":\"http:\/\/needtohear.cz\/domains\/needtohear.cz\/#\/schema\/person\/image\/\",\"url\":\"https:\/\/secure.gravatar.com\/avatar\/a68e7b327a28596f7cef8a7d984bff7e51ae562c021fabed09591d8163e34e73?s=96&d=mm&r=g\",\"contentUrl\":\"https:\/\/secure.gravatar.com\/avatar\/a68e7b327a28596f7cef8a7d984bff7e51ae562c021fabed09591d8163e34e73?s=96&d=mm&r=g\",\"caption\":\"Jan Vi\u0161\u0148\u00e1k\"},\"url\":\"http:\/\/needtohear.cz\/domains\/needtohear.cz\/author\/jan-visnak\/\"}]}<\/script>\n<!-- \/ Yoast SEO plugin. -->","yoast_head_json":{"title":"Nova Twins v dubnu v \u010cR! - Needtohear.cz","robots":{"index":"index","follow":"follow","max-snippet":"max-snippet:-1","max-image-preview":"max-image-preview:large","max-video-preview":"max-video-preview:-1"},"canonical":"http:\/\/needtohear.cz\/domains\/needtohear.cz\/2020\/08\/18\/nova-twins-v-dubnu-v-cr\/","og_locale":"cs_CZ","og_type":"article","og_title":"Nova Twins v dubnu v \u010cR! - Needtohear.cz","og_description":"Kdy: 12.04.2021Kde: Caf\u00e9 v Lese, PrahaUd\u00e1lost: https:\/\/www.facebook.com\/events\/576518973085341 Mezi fanou\u0161ky t\u00e9hle lond\u00fdnsk\u00e9 dvojky se \u0159ad\u00ed Iggy Pop i Tom Morello, po\u010detnou fanou\u0161kovskou z\u00e1kladnu maj\u00ed tak\u00e9 v \u010cesk\u00e9 republice. Nova Twins se vrac\u00ed po \u00fasp\u011b\u0161n\u00fdch koncertech na festivalu Rock for People roku 2018 a 2019. Siln\u00e1 basov\u00e1 kytara Georgii South a ostr\u00e9 vok\u00e1ly Amy Love jsou hnac\u00ed &hellip; Read more \"Nova Twins v dubnu v \u010cR!\"","og_url":"http:\/\/needtohear.cz\/domains\/needtohear.cz\/2020\/08\/18\/nova-twins-v-dubnu-v-cr\/","og_site_name":"Needtohear.cz","article_published_time":"2020-08-18T06:41:00+00:00","article_modified_time":"2020-08-18T12:58:09+00:00","author":"Jan Vi\u0161\u0148\u00e1k","twitter_card":"summary_large_image","twitter_misc":{"Napsal(a)":"Jan Vi\u0161\u0148\u00e1k","Odhadovan\u00e1 doba \u010dten\u00ed":"1 minuta"},"schema":{"@context":"https:\/\/schema.org","@graph":[{"@type":"Article","@id":"http:\/\/needtohear.cz\/domains\/needtohear.cz\/2020\/08\/18\/nova-twins-v-dubnu-v-cr\/#article","isPartOf":{"@id":"http:\/\/needtohear.cz\/domains\/needtohear.cz\/2020\/08\/18\/nova-twins-v-dubnu-v-cr\/"},"author":{"name":"Jan Vi\u0161\u0148\u00e1k","@id":"http:\/\/needtohear.cz\/domains\/needtohear.cz\/#\/schema\/person\/e00cf98e4712890497c37802795c8a42"},"headline":"Nova Twins v dubnu v \u010cR!","datePublished":"2020-08-18T06:41:00+00:00","dateModified":"2020-08-18T12:58:09+00:00","mainEntityOfPage":{"@id":"http:\/\/needtohear.cz\/domains\/needtohear.cz\/2020\/08\/18\/nova-twins-v-dubnu-v-cr\/"},"wordCount":291,"publisher":{"@id":"http:\/\/needtohear.cz\/domains\/needtohear.cz\/#organization"},"keywords":["caf\u00e9 v lese","nova twins","rock for people","rock for people concerts","the atavists"],"articleSection":["Pozv\u00e1nky"],"inLanguage":"cs"},{"@type":"WebPage","@id":"http:\/\/needtohear.cz\/domains\/needtohear.cz\/2020\/08\/18\/nova-twins-v-dubnu-v-cr\/","url":"http:\/\/needtohear.cz\/domains\/needtohear.cz\/2020\/08\/18\/nova-twins-v-dubnu-v-cr\/","name":"Nova Twins v dubnu v \u010cR! - Needtohear.cz","isPartOf":{"@id":"http:\/\/needtohear.cz\/domains\/needtohear.cz\/#website"},"datePublished":"2020-08-18T06:41:00+00:00","dateModified":"2020-08-18T12:58:09+00:00","breadcrumb":{"@id":"http:\/\/needtohear.cz\/domains\/needtohear.cz\/2020\/08\/18\/nova-twins-v-dubnu-v-cr\/#breadcrumb"},"inLanguage":"cs","potentialAction":[{"@type":"ReadAction","target":["http:\/\/needtohear.cz\/domains\/needtohear.cz\/2020\/08\/18\/nova-twins-v-dubnu-v-cr\/"]}]},{"@type":"BreadcrumbList","@id":"http:\/\/needtohear.cz\/domains\/needtohear.cz\/2020\/08\/18\/nova-twins-v-dubnu-v-cr\/#breadcrumb","itemListElement":[{"@type":"ListItem","position":1,"name":"Dom\u016f","item":"http:\/\/needtohear.cz\/domains\/needtohear.cz\/"},{"@type":"ListItem","position":2,"name":"Nova Twins v dubnu v \u010cR!"}]},{"@type":"WebSite","@id":"http:\/\/needtohear.cz\/domains\/needtohear.cz\/#website","url":"http:\/\/needtohear.cz\/domains\/needtohear.cz\/","name":"Needtohear.cz","description":"Pot\u0159ebujete sly\u0161et!","publisher":{"@id":"http:\/\/needtohear.cz\/domains\/needtohear.cz\/#organization"},"potentialAction":[{"@type":"SearchAction","target":{"@type":"EntryPoint","urlTemplate":"http:\/\/needtohear.cz\/domains\/needtohear.cz\/?s={search_term_string}"},"query-input":{"@type":"PropertyValueSpecification","valueRequired":true,"valueName":"search_term_string"}}],"inLanguage":"cs"},{"@type":"Organization","@id":"http:\/\/needtohear.cz\/domains\/needtohear.cz\/#organization","name":"Needtohear.cz","url":"http:\/\/needtohear.cz\/domains\/needtohear.cz\/","logo":{"@type":"ImageObject","inLanguage":"cs","@id":"http:\/\/needtohear.cz\/domains\/needtohear.cz\/#\/schema\/logo\/image\/","url":"http:\/\/needtohear.cz\/domains\/needtohear.cz\/wp-content\/uploads\/2025\/09\/nth_header_logo.png","contentUrl":"http:\/\/needtohear.cz\/domains\/needtohear.cz\/wp-content\/uploads\/2025\/09\/nth_header_logo.png","width":600,"height":261,"caption":"Needtohear.cz"},"image":{"@id":"http:\/\/needtohear.cz\/domains\/needtohear.cz\/#\/schema\/logo\/image\/"}},{"@type":"Person","@id":"http:\/\/needtohear.cz\/domains\/needtohear.cz\/#\/schema\/person\/e00cf98e4712890497c37802795c8a42","name":"Jan Vi\u0161\u0148\u00e1k","image":{"@type":"ImageObject","inLanguage":"cs","@id":"http:\/\/needtohear.cz\/domains\/needtohear.cz\/#\/schema\/person\/image\/","url":"https:\/\/secure.gravatar.com\/avatar\/a68e7b327a28596f7cef8a7d984bff7e51ae562c021fabed09591d8163e34e73?s=96&d=mm&r=g","contentUrl":"https:\/\/secure.gravatar.com\/avatar\/a68e7b327a28596f7cef8a7d984bff7e51ae562c021fabed09591d8163e34e73?s=96&d=mm&r=g","caption":"Jan Vi\u0161\u0148\u00e1k"},"url":"http:\/\/needtohear.cz\/domains\/needtohear.cz\/author\/jan-visnak\/"}]}},"rttpg_featured_image_url":null,"rttpg_author":{"display_name":"Jan Vi\u0161\u0148\u00e1k","author_link":"http:\/\/needtohear.cz\/domains\/needtohear.cz\/author\/jan-visnak\/"},"rttpg_comment":0,"rttpg_category":"<a href=\"http:\/\/needtohear.cz\/domains\/needtohear.cz\/category\/pozvanky\/\" rel=\"category tag\">Pozv\u00e1nky<\/a>","rttpg_excerpt":"Kdy: 12.04.2021Kde: Caf\u00e9 v Lese, PrahaUd\u00e1lost: https:\/\/www.facebook.com\/events\/576518973085341 Mezi fanou\u0161ky t\u00e9hle lond\u00fdnsk\u00e9 dvojky se \u0159ad\u00ed Iggy Pop i Tom Morello, po\u010detnou fanou\u0161kovskou z\u00e1kladnu maj\u00ed tak\u00e9 v \u010cesk\u00e9 republice. Nova Twins se vrac\u00ed po \u00fasp\u011b\u0161n\u00fdch koncertech na festivalu Rock for People roku 2018 a 2019. Siln\u00e1 basov\u00e1 kytara Georgii South a ostr\u00e9 vok\u00e1ly Amy Love jsou hnac\u00ed&hellip;","_links":{"self":[{"href":"http:\/\/needtohear.cz\/domains\/needtohear.cz\/wp-json\/wp\/v2\/posts\/1703","targetHints":{"allow":["GET"]}}],"collection":[{"href":"http:\/\/needtohear.cz\/domains\/needtohear.cz\/wp-json\/wp\/v2\/posts"}],"about":[{"href":"http:\/\/needtohear.cz\/domains\/needtohear.cz\/wp-json\/wp\/v2\/types\/post"}],"author":[{"embeddable":true,"href":"http:\/\/needtohear.cz\/domains\/needtohear.cz\/wp-json\/wp\/v2\/users\/4"}],"replies":[{"embeddable":true,"href":"http:\/\/needtohear.cz\/domains\/needtohear.cz\/wp-json\/wp\/v2\/comments?post=1703"}],"version-history":[{"count":4,"href":"http:\/\/needtohear.cz\/domains\/needtohear.cz\/wp-json\/wp\/v2\/posts\/1703\/revisions"}],"predecessor-version":[{"id":2147,"href":"http:\/\/needtohear.cz\/domains\/needtohear.cz\/wp-json\/wp\/v2\/posts\/1703\/revisions\/2147"}],"wp:attachment":[{"href":"http:\/\/needtohear.cz\/domains\/needtohear.cz\/wp-json\/wp\/v2\/media?parent=1703"}],"wp:term":[{"taxonomy":"category","embeddable":true,"href":"http:\/\/needtohear.cz\/domains\/needtohear.cz\/wp-json\/wp\/v2\/categories?post=1703"},{"taxonomy":"post_tag","embeddable":true,"href":"http:\/\/needtohear.cz\/domains\/needtohear.cz\/wp-json\/wp\/v2\/tags?post=1703"}],"curies":[{"name":"wp","href":"https:\/\/api.w.org\/{rel}","templated":true}]}}