{"id":10707,"date":"2026-04-28T20:22:23","date_gmt":"2026-04-28T18:22:23","guid":{"rendered":"https:\/\/needtohear.cz\/domains\/needtohear.cz\/?p=10707"},"modified":"2026-04-28T20:22:25","modified_gmt":"2026-04-28T18:22:25","slug":"rock-for-people-odtajnuje-doprovodny-program","status":"publish","type":"post","link":"http:\/\/needtohear.cz\/domains\/needtohear.cz\/2026\/04\/28\/rock-for-people-odtajnuje-doprovodny-program\/","title":{"rendered":"Rock for People odtaj\u0148uje doprovodn\u00fd program"},"content":{"rendered":"\n<p><strong><strong>Organiz\u00e1to\u0159i p\u0159edstavuj\u00ed bohat\u00fd doprovodn\u00fd program, kter\u00fd propoj\u00ed hudbu s divadlem, zaj\u00edmav\u00fdmi diskuzemi, workshopy, cirkusov\u00fdmi p\u0159edstaven\u00edmi, burleskou a pestrou \u0161k\u00e1lou dal\u0161\u00edch aktivit.<\/strong><\/strong><\/p>\n\n\n\n<p><strong>Kdy:<\/strong>\u00a010. \u2013 14.06.2026<br><strong>Kde:\u00a0<\/strong>Hradec Kr\u00e1lov\u00e9, Park360<br><strong>Ofici\u00e1ln\u00ed ud\u00e1lost<\/strong>:\u00a0<a href=\"https:\/\/www.facebook.com\/events\/739044521932240\" target=\"_blank\" rel=\"noreferrer noopener\">https:\/\/www.facebook.com\/events\/739044521932240<\/a><br><strong>Vstupenky<\/strong>:\u00a0<a href=\"https:\/\/rockforpeople.cz\/tickets\/\" target=\"_blank\" rel=\"noreferrer noopener\">https:\/\/rockforpeople.cz\/tickets\/<\/a><\/p>\n\n\n\n<p><strong>Leto\u0161n\u00ed ro\u010dn\u00edk zpest\u0159\u00ed nap\u0159\u00edklad n\u00e1vrat legend\u00e1rn\u00edch Bo\u017eej\u00e1k\u016f s jiho\u010deskou dechovkou, modern\u00ed cirkus v pod\u00e1n\u00ed Losers Cirque Company nebo u\u017e tradi\u010dn\u00ed burleska v re\u017eii The Prague Burlesque Show. Chyb\u011bt nebudou ani diskuze a debaty s osobnostmi kulturn\u00ed i medi\u00e1ln\u00ed sc\u00e9ny. O to se postaraj\u00ed nap\u0159\u00edklad bloky \u010cesk\u00e9 televize, Reflexu, projektu D\u00edky, \u017ee m\u016f\u017eem, nebo organizace Nevypus\u0165 du\u0161i. N\u00e1v\u0161t\u011bvn\u00edci se tak mohou t\u011b\u0161it na pestrou \u0161k\u00e1lu vystoupen\u00ed a diskuz\u00ed reflektuj\u00edc\u00edch sou\u010dasn\u00e1 spole\u010densk\u00e1 t\u00e9mata i kulturn\u00ed fenom\u00e9ny.<\/strong><\/p>\n\n\n\n<p>Festival Rock for People letos op\u011bt potvrzuje, \u017ee d\u00e1vno nen\u00ed jen o hudb\u011b. V\u00fdznamnou sou\u010d\u00e1st\u00ed leto\u0161n\u00edho programu budou diskuze a debaty s osobnostmi ve\u0159ejn\u00e9 sc\u00e9ny. Vystupuj\u00edc\u00ed otev\u0159ou t\u00e9ma, zda <strong>M\u016f\u017ee hudba m\u011bnit sv\u011bt?<\/strong> v r\u00e1mci slotu s <strong>Culture for Future<\/strong>, p\u0159edstav\u00ed historick\u00fd pohled na <strong>\u010ceskou metalovou sc\u00e9nu v 80. a 90. letech<\/strong> nebo prozkoumaj\u00ed aktu\u00e1ln\u00ed ot\u00e1zku AI v r\u00e1mci bloku <strong>AI, mozek a rock\u2019n\u2019roll<\/strong>. Jistotou v harmonogramu je program \u010cesk\u00e9 televize s obl\u00edben\u00fdm <strong>AZ-kv\u00edzem<\/strong>, s projekc\u00ed <strong>Devades\u00e1tkov\u00e9 hitpar\u00e1dy biz\u00e1r\u016f<\/strong> nebo s workshopem <strong>Tane\u010dn\u00ed \u0161koly StarDance<\/strong>. P\u0159ekvapen\u00ed chyst\u00e1 s \u010ceskou televiz\u00ed i <strong>Daniel Stach<\/strong>. Reflex na svoj\u00ed stage nab\u00eddne obl\u00edben\u00e9 podcasty <strong>Poprask, Prostor X<\/strong> nebo <strong>Padni komu padni<\/strong>.<\/p>\n\n\n\n<figure class=\"wp-block-embed is-type-video is-provider-youtube wp-block-embed-youtube wp-embed-aspect-16-9 wp-has-aspect-ratio\"><div class=\"wp-block-embed__wrapper\">\n<iframe title=\"Pilsner AZ-kv\u00edz na RfP\" width=\"950\" height=\"534\" src=\"https:\/\/www.youtube.com\/embed\/U2ihLl4RyPM?feature=oembed\" frameborder=\"0\" allow=\"accelerometer; autoplay; clipboard-write; encrypted-media; gyroscope; picture-in-picture; web-share\" referrerpolicy=\"strict-origin-when-cross-origin\" allowfullscreen><\/iframe>\n<\/div><\/figure>\n\n\n\n<p>Hudebn\u00ed \u010d\u00e1st doprovodn\u00e9ho programu p\u0159inese netradi\u010dn\u00ed projekty a vystoupen\u00ed nap\u0159\u00ed\u010d \u017e\u00e1nry. Na sc\u00e9n\u00e1ch se krom\u011b <strong>Bo\u017eej\u00e1k\u016f<\/strong> objev\u00ed nap\u0159\u00edklad <strong>Cimb\u00e1lov\u00e1 muzika Fri\u0161ka<\/strong>, origin\u00e1ln\u00ed bubenick\u00e1 show <strong>Groove Army \u2013 Royal Squad<\/strong>, romsk\u00e1 rompopov\u00e1 kapela <strong>Lomnick\u00e9 \u010ch\u00e1ve<\/strong>, <strong>Orchestr Je\u017ekovy<\/strong> <strong>stopy<\/strong> nebo \u017eensk\u00e9 sdru\u017een\u00ed <strong>Sestry Chalupovy<\/strong>. Program tak nab\u00eddne jak folklorn\u00ed vlo\u017eku, tak modern\u00ed hudebn\u00ed experimenty.<\/p>\n\n\n\n<p>Silnou linku budou tvo\u0159it \u017eiv\u00e9 podcasty a talk show, v\u010detn\u011b popul\u00e1rn\u00edch form\u00e1t\u016f <strong>Headlineru \u2013 Hudebn\u00ed masakry, NOTY VOLE! <\/strong>nebo<strong> P\u016fda.<\/strong> Program dopln\u00ed i t\u00e9mata spojen\u00e1 s ob\u010danskou spole\u010dnost\u00ed, nap\u0159\u00edklad debata <strong>Prague Pride v roce 2026: Co slav\u00edme a za co je\u0161t\u011b bojujeme?<\/strong>. Divadeln\u00ed a performativn\u00ed sc\u00e9na nab\u00eddne <strong>Losers Cirque Company<\/strong> s p\u0159edstaven\u00edmi Konkurz a Onyx, burleskn\u00ed show <strong>The Prague Burlesque Show: Velvet Hammer<\/strong> nebo unik\u00e1tn\u00ed form\u00e1ty jako <strong>God Save The Drama Queen<\/strong> \u010di <strong>The Studio 32 (Musical) Comedy Show!<\/strong><\/p>\n\n\n\n<figure class=\"wp-block-embed is-type-video is-provider-youtube wp-block-embed-youtube wp-embed-aspect-16-9 wp-has-aspect-ratio\"><div class=\"wp-block-embed__wrapper\">\n<iframe title=\"Orchestr Je\u017ekovy stopy - Nebe na zemi (\u017eiv\u011b ze \u017di\u017ekovsk\u00e9ho divadla)\" width=\"950\" height=\"534\" src=\"https:\/\/www.youtube.com\/embed\/e_KaEvwXscA?feature=oembed\" frameborder=\"0\" allow=\"accelerometer; autoplay; clipboard-write; encrypted-media; gyroscope; picture-in-picture; web-share\" referrerpolicy=\"strict-origin-when-cross-origin\" allowfullscreen><\/iframe>\n<\/div><\/figure>\n\n\n\n<h3 class=\"wp-block-heading\"><strong>Novinky na Rock for People a v Parku 360<\/strong><\/h3>\n\n\n\n<p>Fanou\u0161ci se letos mohou t\u011b\u0161it na roz\u0161\u00ed\u0159en\u00ed are\u00e1lu v oblasti hlavn\u00ed stage, co\u017e zaru\u010d\u00ed v\u00edce m\u00edsta b\u011bhem vystoupen\u00ed na Mastercard Stage a z\u00e1rove\u0148 se do tohoto prostoru p\u0159esune VIP tribuna. Nov\u00fd prostor se tak\u00e9 stane domovem EcoFlow stage a food courtu se \u0161irokou nab\u00eddkou gastro st\u00e1nk\u016f. Dal\u0161\u00ed novinkou je zkr\u00e1cen\u00e1 cesta od parkingu a zast\u00e1vky kyvadlov\u00e9 dopravy k hlavn\u00edmu vstupu. Obnovou projde nap\u0159\u00edklad i \u010cT art Stage, kter\u00e1 se do\u010dk\u00e1 nov\u00e9ho stanu. U kyvadlov\u00e9 dopravy letos dojde k v\u00fdrazn\u00e9mu pos\u00edlen\u00ed spoj\u016f, co\u017e by m\u011blo p\u0159isp\u011bt k omezen\u00ed individu\u00e1ln\u00ed automobilov\u00e9 dopravy a sou\u010dasn\u011b ke sn\u00ed\u017een\u00ed celkov\u00e9 uhl\u00edkov\u00e9 stopy akce. Dal\u0161\u00edm d\u016fle\u017eit\u00fdm t\u00e9matem leto\u0161n\u00ed produkce se stalo i navy\u0161ov\u00e1n\u00ed a restrukturalizace hygienick\u00fdch z\u00e1zem\u00ed.<\/p>\n\n\n\n<p>Festival letos d\u00e1le rozv\u00edj\u00ed sv\u00e9 aktivity v oblasti udr\u017eitelnosti i spolupr\u00e1ce s neziskov\u00fdm sektorem. Novinkou bude tematick\u00e1 z\u00f3na zam\u011b\u0159en\u00e1 na vodu, kter\u00e1 otev\u0159e ot\u00e1zky hospoda\u0159en\u00ed s vodn\u00edmi zdroji i jejich ochrany. Po\u0159adatel\u00e9 se zam\u011b\u0159\u00ed tak\u00e9 na pr\u00e1ci s odpadem, a to zejm\u00e9na v kempech. C\u00edlem bude sn\u00ed\u017eit mno\u017estv\u00ed sm\u011bsn\u00e9ho odpadu, zv\u00fd\u0161it m\u00edru t\u0159\u00edd\u011bn\u00ed, podpo\u0159it z\u00e1chyt a charitativn\u00ed vyu\u017eit\u00ed kempingov\u00e9ho vybaven\u00ed, kter\u00e9 by jinak zbyte\u010dn\u011b skon\u010dilo jako odpad.<\/p>\n\n\n\n<figure class=\"wp-block-embed is-type-video is-provider-youtube wp-block-embed-youtube wp-embed-aspect-16-9 wp-has-aspect-ratio\"><div class=\"wp-block-embed__wrapper\">\n<iframe title=\"Rock for People 2025 - OFFICIAL AFTERMOVIE @rockforpeopleTV\" width=\"950\" height=\"534\" src=\"https:\/\/www.youtube.com\/embed\/u_tGfQjYrNE?feature=oembed\" frameborder=\"0\" allow=\"accelerometer; autoplay; clipboard-write; encrypted-media; gyroscope; picture-in-picture; web-share\" referrerpolicy=\"strict-origin-when-cross-origin\" allowfullscreen><\/iframe>\n<\/div><\/figure>\n\n\n\n<p>Neziskov\u00fd sektor se dlouhodob\u011b rozv\u00edj\u00ed a posouv\u00e1 d\u00e1l. Vedle tradi\u010dn\u00ed neziskov\u00e9 z\u00f3ny, kde se p\u0159edstav\u00ed \u0159ada organizac\u00ed, jako nap\u0159\u00edklad Hnut\u00ed Brontosaurus, \u010clov\u011bk v t\u00edsni, Sue Ryder, Rostlinn\u011b, Fuck Cancer nebo Sea Shepherd, letos nov\u011b vznikne tak\u00e9 safe space z\u00f3na zam\u011b\u0159en\u00e1 na harm-reduction a prevenci rizik spojen\u00fdch s festivalov\u00fdm prost\u0159ed\u00edm. O well-being a bezpe\u010d\u00ed n\u00e1v\u0161t\u011bvn\u00edk\u016f se budou starat organizace Cesta z krize, Neticho, Laxus nebo \u010cesk\u00e1 spole\u010dnost AIDS pomoc.<\/p>\n\n\n\n<p><strong>Nov\u011b ozn\u00e1men\u00fd program:<\/strong><\/p>\n\n\n\n<p>30 Ro(c)k\u016f for People \/ AI, mozek a rock\u2019n\u2019roll \/ AZ-Kv\u00edz \/ AZ-Kv\u00edz \u2013 Iron Maiden Edition \/ Bo\u017eej\u00e1ci \/ Cimb\u00e1lov\u00e1 muzika Fri\u0161ka \/ Culture for Future: M\u016f\u017ee hudba m\u011bnit sv\u011bt? \/ \u010cesk\u00e1 metalov\u00e1 sc\u00e9na v 80. a 90. letech \/ \u010cT: Devades\u00e1tkov\u00e1 hitpar\u00e1da biz\u00e1r\u016f \/ \u010cT: D\u016fle\u017eitost ve\u0159ejnopr\u00e1vn\u00edho vys\u00edl\u00e1n\u00ed \/ \u010cT: Tane\u010dn\u00ed \u0161kola StarDance \/ D\u00edky, \u017ee m\u016f\u017eem: M\u00e1 b\u00fdt kultura (a)politick\u00e1 \/ God Save The Drama Queen \/ Groove Army \u2013 Royal Squad \/ Headliner: Hudebn\u00ed masakry \/ Headliner: NOTY VOLE! \/ Headliner: P\u016fda \/ Kmeny \u2013 Thrash metal \/ Kuchy\u0148sk\u00e9 porno \/ Lomnick\u00e9 \u010ch\u00e1ve \/ Losers Cirque Company \u2013 Konkurz \/ Losers Cirque Company &#8211; Onyx \/ Na stoj\u00e1ka \/ Nevypus\u0165 du\u0161i: Emoce jako spojenec \/ Orchestr Je\u017ekovy stopy \/ PINKBUS: Hezky \u010desky \/ Prague Pride v roce 2026: Co slav\u00edme a za co je\u0161t\u011b bojujeme? \/ P\u0159ekvapen\u00ed \u010cT s Danielem Stachem \/ Reflex: Padni komu padni \/ Reflex: Poprask \/ Reflex: Prostor X \/ Sestry Chalupovy \/ Slam Poetry Show \/ Slam Poetry: Slamat\u00e9\u0159i \/ STAND UP COMEDY &#8211; TATTY MACLEOD \/ Svatba Ji\u0159\u00edho K\u00e1ry Remastered \/ The Prague Burlesque Show: Velvet Hammer \/ The Studio 32 (Musical) Comedy Show! \/ Underground Comedy Club<\/p>\n\n\n\n<p>TZ: Ameba production, Rock For People<\/p>\n","protected":false},"excerpt":{"rendered":"<p>Organiz\u00e1to\u0159i p\u0159edstavuj\u00ed bohat\u00fd doprovodn\u00fd program, kter\u00fd propoj\u00ed hudbu s divadlem, zaj\u00edmav\u00fdmi diskuzemi, workshopy, cirkusov\u00fdmi p\u0159edstaven\u00edmi, burleskou a pestrou \u0161k\u00e1lou dal\u0161\u00edch aktivit. Kdy:\u00a010. \u2013 14.06.2026Kde:\u00a0Hradec Kr\u00e1lov\u00e9, Park360Ofici\u00e1ln\u00ed ud\u00e1lost:\u00a0https:\/\/www.facebook.com\/events\/739044521932240Vstupenky:\u00a0https:\/\/rockforpeople.cz\/tickets\/ Leto\u0161n\u00ed ro\u010dn\u00edk zpest\u0159\u00ed nap\u0159\u00edklad n\u00e1vrat legend\u00e1rn\u00edch Bo\u017eej\u00e1k\u016f s jiho\u010deskou dechovkou, modern\u00ed cirkus v pod\u00e1n\u00ed Losers Cirque Company nebo u\u017e tradi\u010dn\u00ed burleska v re\u017eii The Prague Burlesque Show. Chyb\u011bt &hellip; <\/p>\n<p class=\"link-more\"><a href=\"http:\/\/needtohear.cz\/domains\/needtohear.cz\/2026\/04\/28\/rock-for-people-odtajnuje-doprovodny-program\/\" class=\"more-link\">Read more<span class=\"screen-reader-text\"> &#8222;Rock for People odtaj\u0148uje doprovodn\u00fd program&#8220;<\/span><\/a><\/p>\n","protected":false},"author":4,"featured_media":10710,"comment_status":"closed","ping_status":"closed","sticky":false,"template":"","format":"standard","meta":{"_monsterinsights_skip_tracking":false,"_monsterinsights_sitenote_active":false,"_monsterinsights_sitenote_note":"","_monsterinsights_sitenote_category":0,"footnotes":""},"categories":[32],"tags":[308,54],"class_list":["post-10707","post","type-post","status-publish","format-standard","has-post-thumbnail","hentry","category-pozvanky","tag-ameba-production","tag-rock-for-people"],"yoast_head":"<!-- This site is optimized with the Yoast SEO plugin v25.9 - https:\/\/yoast.com\/wordpress\/plugins\/seo\/ -->\n<title>Rock for People odtaj\u0148uje doprovodn\u00fd program - Needtohear.cz<\/title>\n<meta name=\"description\" content=\"Organiz\u00e1to\u0159i p\u0159edstavuj\u00ed bohat\u00fd doprovodn\u00fd program, kter\u00fd propoj\u00ed hudbu s divadlem, zaj\u00edmav\u00fdmi diskuzemi, workshopy, cirkusov\u00fdmi p\u0159edstaven\u00edmi, burleskou a pestrou \u0161k\u00e1lou dal\u0161\u00edch aktivit.\" \/>\n<meta name=\"robots\" content=\"index, follow, max-snippet:-1, max-image-preview:large, max-video-preview:-1\" \/>\n<link rel=\"canonical\" href=\"http:\/\/needtohear.cz\/domains\/needtohear.cz\/2026\/04\/28\/rock-for-people-odtajnuje-doprovodny-program\/\" \/>\n<meta property=\"og:locale\" content=\"cs_CZ\" \/>\n<meta property=\"og:type\" content=\"article\" \/>\n<meta property=\"og:title\" content=\"Rock for People odtaj\u0148uje doprovodn\u00fd program - Needtohear.cz\" \/>\n<meta property=\"og:description\" content=\"Organiz\u00e1to\u0159i p\u0159edstavuj\u00ed bohat\u00fd doprovodn\u00fd program, kter\u00fd propoj\u00ed hudbu s divadlem, zaj\u00edmav\u00fdmi diskuzemi, workshopy, cirkusov\u00fdmi p\u0159edstaven\u00edmi, burleskou a pestrou \u0161k\u00e1lou dal\u0161\u00edch aktivit.\" \/>\n<meta property=\"og:url\" content=\"http:\/\/needtohear.cz\/domains\/needtohear.cz\/2026\/04\/28\/rock-for-people-odtajnuje-doprovodny-program\/\" \/>\n<meta property=\"og:site_name\" content=\"Needtohear.cz\" \/>\n<meta property=\"article:published_time\" content=\"2026-04-28T18:22:23+00:00\" \/>\n<meta property=\"article:modified_time\" content=\"2026-04-28T18:22:25+00:00\" \/>\n<meta property=\"og:image\" content=\"http:\/\/needtohear.cz\/domains\/needtohear.cz\/wp-content\/uploads\/2026\/04\/rfp_doprovodny-program.jpg\" \/>\n\t<meta property=\"og:image:width\" content=\"1350\" \/>\n\t<meta property=\"og:image:height\" content=\"1687\" \/>\n\t<meta property=\"og:image:type\" content=\"image\/jpeg\" \/>\n<meta name=\"author\" content=\"Jan Vi\u0161\u0148\u00e1k\" \/>\n<meta name=\"twitter:card\" content=\"summary_large_image\" \/>\n<meta name=\"twitter:label1\" content=\"Napsal(a)\" \/>\n\t<meta name=\"twitter:data1\" content=\"Jan Vi\u0161\u0148\u00e1k\" \/>\n\t<meta name=\"twitter:label2\" content=\"Odhadovan\u00e1 doba \u010dten\u00ed\" \/>\n\t<meta name=\"twitter:data2\" content=\"5 minut\" \/>\n<script type=\"application\/ld+json\" class=\"yoast-schema-graph\">{\"@context\":\"https:\/\/schema.org\",\"@graph\":[{\"@type\":\"Article\",\"@id\":\"http:\/\/needtohear.cz\/domains\/needtohear.cz\/2026\/04\/28\/rock-for-people-odtajnuje-doprovodny-program\/#article\",\"isPartOf\":{\"@id\":\"http:\/\/needtohear.cz\/domains\/needtohear.cz\/2026\/04\/28\/rock-for-people-odtajnuje-doprovodny-program\/\"},\"author\":{\"name\":\"Jan Vi\u0161\u0148\u00e1k\",\"@id\":\"http:\/\/needtohear.cz\/domains\/needtohear.cz\/#\/schema\/person\/e00cf98e4712890497c37802795c8a42\"},\"headline\":\"Rock for People odtaj\u0148uje doprovodn\u00fd program\",\"datePublished\":\"2026-04-28T18:22:23+00:00\",\"dateModified\":\"2026-04-28T18:22:25+00:00\",\"mainEntityOfPage\":{\"@id\":\"http:\/\/needtohear.cz\/domains\/needtohear.cz\/2026\/04\/28\/rock-for-people-odtajnuje-doprovodny-program\/\"},\"wordCount\":1028,\"publisher\":{\"@id\":\"http:\/\/needtohear.cz\/domains\/needtohear.cz\/#organization\"},\"image\":{\"@id\":\"http:\/\/needtohear.cz\/domains\/needtohear.cz\/2026\/04\/28\/rock-for-people-odtajnuje-doprovodny-program\/#primaryimage\"},\"thumbnailUrl\":\"http:\/\/needtohear.cz\/domains\/needtohear.cz\/wp-content\/uploads\/2026\/04\/rfp_doprovodny-program.jpg\",\"keywords\":[\"ameba production\",\"rock for people\"],\"articleSection\":[\"Pozv\u00e1nky\"],\"inLanguage\":\"cs\"},{\"@type\":\"WebPage\",\"@id\":\"http:\/\/needtohear.cz\/domains\/needtohear.cz\/2026\/04\/28\/rock-for-people-odtajnuje-doprovodny-program\/\",\"url\":\"http:\/\/needtohear.cz\/domains\/needtohear.cz\/2026\/04\/28\/rock-for-people-odtajnuje-doprovodny-program\/\",\"name\":\"Rock for People odtaj\u0148uje doprovodn\u00fd program - Needtohear.cz\",\"isPartOf\":{\"@id\":\"http:\/\/needtohear.cz\/domains\/needtohear.cz\/#website\"},\"primaryImageOfPage\":{\"@id\":\"http:\/\/needtohear.cz\/domains\/needtohear.cz\/2026\/04\/28\/rock-for-people-odtajnuje-doprovodny-program\/#primaryimage\"},\"image\":{\"@id\":\"http:\/\/needtohear.cz\/domains\/needtohear.cz\/2026\/04\/28\/rock-for-people-odtajnuje-doprovodny-program\/#primaryimage\"},\"thumbnailUrl\":\"http:\/\/needtohear.cz\/domains\/needtohear.cz\/wp-content\/uploads\/2026\/04\/rfp_doprovodny-program.jpg\",\"datePublished\":\"2026-04-28T18:22:23+00:00\",\"dateModified\":\"2026-04-28T18:22:25+00:00\",\"description\":\"Organiz\u00e1to\u0159i p\u0159edstavuj\u00ed bohat\u00fd doprovodn\u00fd program, kter\u00fd propoj\u00ed hudbu s divadlem, zaj\u00edmav\u00fdmi diskuzemi, workshopy, cirkusov\u00fdmi p\u0159edstaven\u00edmi, burleskou a pestrou \u0161k\u00e1lou dal\u0161\u00edch aktivit.\",\"breadcrumb\":{\"@id\":\"http:\/\/needtohear.cz\/domains\/needtohear.cz\/2026\/04\/28\/rock-for-people-odtajnuje-doprovodny-program\/#breadcrumb\"},\"inLanguage\":\"cs\",\"potentialAction\":[{\"@type\":\"ReadAction\",\"target\":[\"http:\/\/needtohear.cz\/domains\/needtohear.cz\/2026\/04\/28\/rock-for-people-odtajnuje-doprovodny-program\/\"]}]},{\"@type\":\"ImageObject\",\"inLanguage\":\"cs\",\"@id\":\"http:\/\/needtohear.cz\/domains\/needtohear.cz\/2026\/04\/28\/rock-for-people-odtajnuje-doprovodny-program\/#primaryimage\",\"url\":\"http:\/\/needtohear.cz\/domains\/needtohear.cz\/wp-content\/uploads\/2026\/04\/rfp_doprovodny-program.jpg\",\"contentUrl\":\"http:\/\/needtohear.cz\/domains\/needtohear.cz\/wp-content\/uploads\/2026\/04\/rfp_doprovodny-program.jpg\",\"width\":1350,\"height\":1687},{\"@type\":\"BreadcrumbList\",\"@id\":\"http:\/\/needtohear.cz\/domains\/needtohear.cz\/2026\/04\/28\/rock-for-people-odtajnuje-doprovodny-program\/#breadcrumb\",\"itemListElement\":[{\"@type\":\"ListItem\",\"position\":1,\"name\":\"Dom\u016f\",\"item\":\"http:\/\/needtohear.cz\/domains\/needtohear.cz\/\"},{\"@type\":\"ListItem\",\"position\":2,\"name\":\"Rock for People odtaj\u0148uje doprovodn\u00fd program\"}]},{\"@type\":\"WebSite\",\"@id\":\"http:\/\/needtohear.cz\/domains\/needtohear.cz\/#website\",\"url\":\"http:\/\/needtohear.cz\/domains\/needtohear.cz\/\",\"name\":\"Needtohear.cz\",\"description\":\"Pot\u0159ebujete sly\u0161et!\",\"publisher\":{\"@id\":\"http:\/\/needtohear.cz\/domains\/needtohear.cz\/#organization\"},\"potentialAction\":[{\"@type\":\"SearchAction\",\"target\":{\"@type\":\"EntryPoint\",\"urlTemplate\":\"http:\/\/needtohear.cz\/domains\/needtohear.cz\/?s={search_term_string}\"},\"query-input\":{\"@type\":\"PropertyValueSpecification\",\"valueRequired\":true,\"valueName\":\"search_term_string\"}}],\"inLanguage\":\"cs\"},{\"@type\":\"Organization\",\"@id\":\"http:\/\/needtohear.cz\/domains\/needtohear.cz\/#organization\",\"name\":\"Needtohear.cz\",\"url\":\"http:\/\/needtohear.cz\/domains\/needtohear.cz\/\",\"logo\":{\"@type\":\"ImageObject\",\"inLanguage\":\"cs\",\"@id\":\"http:\/\/needtohear.cz\/domains\/needtohear.cz\/#\/schema\/logo\/image\/\",\"url\":\"http:\/\/needtohear.cz\/domains\/needtohear.cz\/wp-content\/uploads\/2025\/09\/nth_header_logo.png\",\"contentUrl\":\"http:\/\/needtohear.cz\/domains\/needtohear.cz\/wp-content\/uploads\/2025\/09\/nth_header_logo.png\",\"width\":600,\"height\":261,\"caption\":\"Needtohear.cz\"},\"image\":{\"@id\":\"http:\/\/needtohear.cz\/domains\/needtohear.cz\/#\/schema\/logo\/image\/\"}},{\"@type\":\"Person\",\"@id\":\"http:\/\/needtohear.cz\/domains\/needtohear.cz\/#\/schema\/person\/e00cf98e4712890497c37802795c8a42\",\"name\":\"Jan Vi\u0161\u0148\u00e1k\",\"image\":{\"@type\":\"ImageObject\",\"inLanguage\":\"cs\",\"@id\":\"http:\/\/needtohear.cz\/domains\/needtohear.cz\/#\/schema\/person\/image\/\",\"url\":\"https:\/\/secure.gravatar.com\/avatar\/a68e7b327a28596f7cef8a7d984bff7e51ae562c021fabed09591d8163e34e73?s=96&d=mm&r=g\",\"contentUrl\":\"https:\/\/secure.gravatar.com\/avatar\/a68e7b327a28596f7cef8a7d984bff7e51ae562c021fabed09591d8163e34e73?s=96&d=mm&r=g\",\"caption\":\"Jan Vi\u0161\u0148\u00e1k\"},\"url\":\"http:\/\/needtohear.cz\/domains\/needtohear.cz\/author\/jan-visnak\/\"}]}<\/script>\n<!-- \/ Yoast SEO plugin. -->","yoast_head_json":{"title":"Rock for People odtaj\u0148uje doprovodn\u00fd program - Needtohear.cz","description":"Organiz\u00e1to\u0159i p\u0159edstavuj\u00ed bohat\u00fd doprovodn\u00fd program, kter\u00fd propoj\u00ed hudbu s divadlem, zaj\u00edmav\u00fdmi diskuzemi, workshopy, cirkusov\u00fdmi p\u0159edstaven\u00edmi, burleskou a pestrou \u0161k\u00e1lou dal\u0161\u00edch aktivit.","robots":{"index":"index","follow":"follow","max-snippet":"max-snippet:-1","max-image-preview":"max-image-preview:large","max-video-preview":"max-video-preview:-1"},"canonical":"http:\/\/needtohear.cz\/domains\/needtohear.cz\/2026\/04\/28\/rock-for-people-odtajnuje-doprovodny-program\/","og_locale":"cs_CZ","og_type":"article","og_title":"Rock for People odtaj\u0148uje doprovodn\u00fd program - Needtohear.cz","og_description":"Organiz\u00e1to\u0159i p\u0159edstavuj\u00ed bohat\u00fd doprovodn\u00fd program, kter\u00fd propoj\u00ed hudbu s divadlem, zaj\u00edmav\u00fdmi diskuzemi, workshopy, cirkusov\u00fdmi p\u0159edstaven\u00edmi, burleskou a pestrou \u0161k\u00e1lou dal\u0161\u00edch aktivit.","og_url":"http:\/\/needtohear.cz\/domains\/needtohear.cz\/2026\/04\/28\/rock-for-people-odtajnuje-doprovodny-program\/","og_site_name":"Needtohear.cz","article_published_time":"2026-04-28T18:22:23+00:00","article_modified_time":"2026-04-28T18:22:25+00:00","og_image":[{"width":1350,"height":1687,"url":"http:\/\/needtohear.cz\/domains\/needtohear.cz\/wp-content\/uploads\/2026\/04\/rfp_doprovodny-program.jpg","type":"image\/jpeg"}],"author":"Jan Vi\u0161\u0148\u00e1k","twitter_card":"summary_large_image","twitter_misc":{"Napsal(a)":"Jan Vi\u0161\u0148\u00e1k","Odhadovan\u00e1 doba \u010dten\u00ed":"5 minut"},"schema":{"@context":"https:\/\/schema.org","@graph":[{"@type":"Article","@id":"http:\/\/needtohear.cz\/domains\/needtohear.cz\/2026\/04\/28\/rock-for-people-odtajnuje-doprovodny-program\/#article","isPartOf":{"@id":"http:\/\/needtohear.cz\/domains\/needtohear.cz\/2026\/04\/28\/rock-for-people-odtajnuje-doprovodny-program\/"},"author":{"name":"Jan Vi\u0161\u0148\u00e1k","@id":"http:\/\/needtohear.cz\/domains\/needtohear.cz\/#\/schema\/person\/e00cf98e4712890497c37802795c8a42"},"headline":"Rock for People odtaj\u0148uje doprovodn\u00fd program","datePublished":"2026-04-28T18:22:23+00:00","dateModified":"2026-04-28T18:22:25+00:00","mainEntityOfPage":{"@id":"http:\/\/needtohear.cz\/domains\/needtohear.cz\/2026\/04\/28\/rock-for-people-odtajnuje-doprovodny-program\/"},"wordCount":1028,"publisher":{"@id":"http:\/\/needtohear.cz\/domains\/needtohear.cz\/#organization"},"image":{"@id":"http:\/\/needtohear.cz\/domains\/needtohear.cz\/2026\/04\/28\/rock-for-people-odtajnuje-doprovodny-program\/#primaryimage"},"thumbnailUrl":"http:\/\/needtohear.cz\/domains\/needtohear.cz\/wp-content\/uploads\/2026\/04\/rfp_doprovodny-program.jpg","keywords":["ameba production","rock for people"],"articleSection":["Pozv\u00e1nky"],"inLanguage":"cs"},{"@type":"WebPage","@id":"http:\/\/needtohear.cz\/domains\/needtohear.cz\/2026\/04\/28\/rock-for-people-odtajnuje-doprovodny-program\/","url":"http:\/\/needtohear.cz\/domains\/needtohear.cz\/2026\/04\/28\/rock-for-people-odtajnuje-doprovodny-program\/","name":"Rock for People odtaj\u0148uje doprovodn\u00fd program - Needtohear.cz","isPartOf":{"@id":"http:\/\/needtohear.cz\/domains\/needtohear.cz\/#website"},"primaryImageOfPage":{"@id":"http:\/\/needtohear.cz\/domains\/needtohear.cz\/2026\/04\/28\/rock-for-people-odtajnuje-doprovodny-program\/#primaryimage"},"image":{"@id":"http:\/\/needtohear.cz\/domains\/needtohear.cz\/2026\/04\/28\/rock-for-people-odtajnuje-doprovodny-program\/#primaryimage"},"thumbnailUrl":"http:\/\/needtohear.cz\/domains\/needtohear.cz\/wp-content\/uploads\/2026\/04\/rfp_doprovodny-program.jpg","datePublished":"2026-04-28T18:22:23+00:00","dateModified":"2026-04-28T18:22:25+00:00","description":"Organiz\u00e1to\u0159i p\u0159edstavuj\u00ed bohat\u00fd doprovodn\u00fd program, kter\u00fd propoj\u00ed hudbu s divadlem, zaj\u00edmav\u00fdmi diskuzemi, workshopy, cirkusov\u00fdmi p\u0159edstaven\u00edmi, burleskou a pestrou \u0161k\u00e1lou dal\u0161\u00edch aktivit.","breadcrumb":{"@id":"http:\/\/needtohear.cz\/domains\/needtohear.cz\/2026\/04\/28\/rock-for-people-odtajnuje-doprovodny-program\/#breadcrumb"},"inLanguage":"cs","potentialAction":[{"@type":"ReadAction","target":["http:\/\/needtohear.cz\/domains\/needtohear.cz\/2026\/04\/28\/rock-for-people-odtajnuje-doprovodny-program\/"]}]},{"@type":"ImageObject","inLanguage":"cs","@id":"http:\/\/needtohear.cz\/domains\/needtohear.cz\/2026\/04\/28\/rock-for-people-odtajnuje-doprovodny-program\/#primaryimage","url":"http:\/\/needtohear.cz\/domains\/needtohear.cz\/wp-content\/uploads\/2026\/04\/rfp_doprovodny-program.jpg","contentUrl":"http:\/\/needtohear.cz\/domains\/needtohear.cz\/wp-content\/uploads\/2026\/04\/rfp_doprovodny-program.jpg","width":1350,"height":1687},{"@type":"BreadcrumbList","@id":"http:\/\/needtohear.cz\/domains\/needtohear.cz\/2026\/04\/28\/rock-for-people-odtajnuje-doprovodny-program\/#breadcrumb","itemListElement":[{"@type":"ListItem","position":1,"name":"Dom\u016f","item":"http:\/\/needtohear.cz\/domains\/needtohear.cz\/"},{"@type":"ListItem","position":2,"name":"Rock for People odtaj\u0148uje doprovodn\u00fd program"}]},{"@type":"WebSite","@id":"http:\/\/needtohear.cz\/domains\/needtohear.cz\/#website","url":"http:\/\/needtohear.cz\/domains\/needtohear.cz\/","name":"Needtohear.cz","description":"Pot\u0159ebujete sly\u0161et!","publisher":{"@id":"http:\/\/needtohear.cz\/domains\/needtohear.cz\/#organization"},"potentialAction":[{"@type":"SearchAction","target":{"@type":"EntryPoint","urlTemplate":"http:\/\/needtohear.cz\/domains\/needtohear.cz\/?s={search_term_string}"},"query-input":{"@type":"PropertyValueSpecification","valueRequired":true,"valueName":"search_term_string"}}],"inLanguage":"cs"},{"@type":"Organization","@id":"http:\/\/needtohear.cz\/domains\/needtohear.cz\/#organization","name":"Needtohear.cz","url":"http:\/\/needtohear.cz\/domains\/needtohear.cz\/","logo":{"@type":"ImageObject","inLanguage":"cs","@id":"http:\/\/needtohear.cz\/domains\/needtohear.cz\/#\/schema\/logo\/image\/","url":"http:\/\/needtohear.cz\/domains\/needtohear.cz\/wp-content\/uploads\/2025\/09\/nth_header_logo.png","contentUrl":"http:\/\/needtohear.cz\/domains\/needtohear.cz\/wp-content\/uploads\/2025\/09\/nth_header_logo.png","width":600,"height":261,"caption":"Needtohear.cz"},"image":{"@id":"http:\/\/needtohear.cz\/domains\/needtohear.cz\/#\/schema\/logo\/image\/"}},{"@type":"Person","@id":"http:\/\/needtohear.cz\/domains\/needtohear.cz\/#\/schema\/person\/e00cf98e4712890497c37802795c8a42","name":"Jan Vi\u0161\u0148\u00e1k","image":{"@type":"ImageObject","inLanguage":"cs","@id":"http:\/\/needtohear.cz\/domains\/needtohear.cz\/#\/schema\/person\/image\/","url":"https:\/\/secure.gravatar.com\/avatar\/a68e7b327a28596f7cef8a7d984bff7e51ae562c021fabed09591d8163e34e73?s=96&d=mm&r=g","contentUrl":"https:\/\/secure.gravatar.com\/avatar\/a68e7b327a28596f7cef8a7d984bff7e51ae562c021fabed09591d8163e34e73?s=96&d=mm&r=g","caption":"Jan Vi\u0161\u0148\u00e1k"},"url":"http:\/\/needtohear.cz\/domains\/needtohear.cz\/author\/jan-visnak\/"}]}},"rttpg_featured_image_url":{"full":["http:\/\/needtohear.cz\/domains\/needtohear.cz\/wp-content\/uploads\/2026\/04\/rfp_doprovodny-program.jpg",1350,1687,false],"landscape":["http:\/\/needtohear.cz\/domains\/needtohear.cz\/wp-content\/uploads\/2026\/04\/rfp_doprovodny-program.jpg",1350,1687,false],"portraits":["http:\/\/needtohear.cz\/domains\/needtohear.cz\/wp-content\/uploads\/2026\/04\/rfp_doprovodny-program.jpg",1350,1687,false],"thumbnail":["http:\/\/needtohear.cz\/domains\/needtohear.cz\/wp-content\/uploads\/2026\/04\/rfp_doprovodny-program-100x100.jpg",100,100,true],"medium":["http:\/\/needtohear.cz\/domains\/needtohear.cz\/wp-content\/uploads\/2026\/04\/rfp_doprovodny-program-240x300.jpg",240,300,true],"large":["http:\/\/needtohear.cz\/domains\/needtohear.cz\/wp-content\/uploads\/2026\/04\/rfp_doprovodny-program-560x700.jpg",560,700,true],"1536x1536":["http:\/\/needtohear.cz\/domains\/needtohear.cz\/wp-content\/uploads\/2026\/04\/rfp_doprovodny-program-1229x1536.jpg",1229,1536,true],"2048x2048":["http:\/\/needtohear.cz\/domains\/needtohear.cz\/wp-content\/uploads\/2026\/04\/rfp_doprovodny-program.jpg",1350,1687,false],"inspiro-featured-image":["http:\/\/needtohear.cz\/domains\/needtohear.cz\/wp-content\/uploads\/2026\/04\/rfp_doprovodny-program.jpg",1350,1687,false],"inspiro-loop":["http:\/\/needtohear.cz\/domains\/needtohear.cz\/wp-content\/uploads\/2026\/04\/rfp_doprovodny-program-950x320.jpg",950,320,true],"inspiro-loop@2x":["http:\/\/needtohear.cz\/domains\/needtohear.cz\/wp-content\/uploads\/2026\/04\/rfp_doprovodny-program-1350x640.jpg",1350,640,true]},"rttpg_author":{"display_name":"Jan Vi\u0161\u0148\u00e1k","author_link":"http:\/\/needtohear.cz\/domains\/needtohear.cz\/author\/jan-visnak\/"},"rttpg_comment":0,"rttpg_category":"<a href=\"http:\/\/needtohear.cz\/domains\/needtohear.cz\/category\/pozvanky\/\" rel=\"category tag\">Pozv\u00e1nky<\/a>","rttpg_excerpt":"Organiz\u00e1to\u0159i p\u0159edstavuj\u00ed bohat\u00fd doprovodn\u00fd program, kter\u00fd propoj\u00ed hudbu s divadlem, zaj\u00edmav\u00fdmi diskuzemi, workshopy, cirkusov\u00fdmi p\u0159edstaven\u00edmi, burleskou a pestrou \u0161k\u00e1lou dal\u0161\u00edch aktivit. Kdy:\u00a010. \u2013 14.06.2026Kde:\u00a0Hradec Kr\u00e1lov\u00e9, Park360Ofici\u00e1ln\u00ed ud\u00e1lost:\u00a0https:\/\/www.facebook.com\/events\/739044521932240Vstupenky:\u00a0https:\/\/rockforpeople.cz\/tickets\/ Leto\u0161n\u00ed ro\u010dn\u00edk zpest\u0159\u00ed nap\u0159\u00edklad n\u00e1vrat legend\u00e1rn\u00edch Bo\u017eej\u00e1k\u016f s jiho\u010deskou dechovkou, modern\u00ed cirkus v pod\u00e1n\u00ed Losers Cirque Company nebo u\u017e tradi\u010dn\u00ed burleska v re\u017eii The Prague Burlesque Show. Chyb\u011bt&hellip;","_links":{"self":[{"href":"http:\/\/needtohear.cz\/domains\/needtohear.cz\/wp-json\/wp\/v2\/posts\/10707","targetHints":{"allow":["GET"]}}],"collection":[{"href":"http:\/\/needtohear.cz\/domains\/needtohear.cz\/wp-json\/wp\/v2\/posts"}],"about":[{"href":"http:\/\/needtohear.cz\/domains\/needtohear.cz\/wp-json\/wp\/v2\/types\/post"}],"author":[{"embeddable":true,"href":"http:\/\/needtohear.cz\/domains\/needtohear.cz\/wp-json\/wp\/v2\/users\/4"}],"replies":[{"embeddable":true,"href":"http:\/\/needtohear.cz\/domains\/needtohear.cz\/wp-json\/wp\/v2\/comments?post=10707"}],"version-history":[{"count":1,"href":"http:\/\/needtohear.cz\/domains\/needtohear.cz\/wp-json\/wp\/v2\/posts\/10707\/revisions"}],"predecessor-version":[{"id":10711,"href":"http:\/\/needtohear.cz\/domains\/needtohear.cz\/wp-json\/wp\/v2\/posts\/10707\/revisions\/10711"}],"wp:featuredmedia":[{"embeddable":true,"href":"http:\/\/needtohear.cz\/domains\/needtohear.cz\/wp-json\/wp\/v2\/media\/10710"}],"wp:attachment":[{"href":"http:\/\/needtohear.cz\/domains\/needtohear.cz\/wp-json\/wp\/v2\/media?parent=10707"}],"wp:term":[{"taxonomy":"category","embeddable":true,"href":"http:\/\/needtohear.cz\/domains\/needtohear.cz\/wp-json\/wp\/v2\/categories?post=10707"},{"taxonomy":"post_tag","embeddable":true,"href":"http:\/\/needtohear.cz\/domains\/needtohear.cz\/wp-json\/wp\/v2\/tags?post=10707"}],"curies":[{"name":"wp","href":"https:\/\/api.w.org\/{rel}","templated":true}]}}